{"id":532,"date":"2021-01-30T12:34:30","date_gmt":"2021-01-30T10:34:30","guid":{"rendered":"https:\/\/alarna.de\/?p=532"},"modified":"2021-01-30T12:34:30","modified_gmt":"2021-01-30T10:34:30","slug":"corona-tagebuch-tag-12","status":"publish","type":"post","link":"https:\/\/alarna.de\/index.php\/2021\/01\/30\/corona-tagebuch-tag-12\/","title":{"rendered":"Corona Tagebuch Tag 12"},"content":{"rendered":"\n<p>Wir mussten ja zum Abstrich nach Ludwigsfelde, das haben die dort ganz elegant gel\u00f6st. Okay, elegant nicht, aber sehr durchdacht. Hinter dem Stra\u00dfenverkehrsamt ist ein Parkplatz, dort steht man vor einem Fenster, das wird von dem Abstrichnehmer (keine Ahnung ob das ein Arzt, Pfleger oder etwas anderes ist) ge\u00f6ffnet und dann steht man da, rei\u00dft den Schnabel auf, streckt die Zunge raus und schwups, fertig. Wenn man nicht den W\u00fcrgereiz h\u00e4tte, der bei mir sehr fr\u00fch einsetzt. Aber nach dem dritten Versuch passt es.<\/p>\n<p>Der Mensch da hinter dem Fenster ist von Kopf bis Fu\u00df in Plastik verklebt, also wenn der sich ansteckt, dann haben die Viren sich wirklich anstrengen m\u00fcssen.<\/p>\n<p><!--more--><\/p>\n<p>Wir werden innerhalb von 1-2 Tagen telefonisch benachrichtigt. Da ist zwar Wochenende, aber scheinbar arbeiten die durch. Mal sehen.&nbsp;Ich w\u00fcrde mich totlachen, wenn mein Mann jetzt positiv w\u00e4re und ich negativ.<\/p>\n<p>Auf dem Heimweg h\u00e4tte ich ihn gerne erschlagen. Uns kommen drei PKW entgegen, die uns anblinken, als wir um die Kurve kommen, sehen wir auch den Grund. Eine Kuh steht auf der Stra\u00dfe. Statt jetzt anzuhalten, f\u00e4hrt der Ehemann weiter, zwar langsam, aber die Kuh f\u00fchlt sich verfolgt und l\u00e4uft immer weiter quer \u00fcber die Stra\u00dfe. Erst als er endlich anh\u00e4lt, weil auf der anderen Seite ein PKW kommt und sich auf unsere Seite quer stellt &#8211; mit Warnblinkanlage &#8211; h\u00f6rt das arme Viech auf zu rennen und wird langsam. M\u00e4nner&#8230;<\/p>\n<p>Ich rufe die 110 an &#8211; die ist grad belegt, ich soll aber dran bleiben. Ja, sag das mal dem Einbrecher oder M\u00f6rder: &#8222;Warte mal, ich bin in der Warteschleife&#8220;. Irgendwann meldet sich dann die Polizei und w\u00e4hrend mein Mann &#8211; statt stehen zu bleiben mit Warnblinkanlage &#8211; wieder weiter f\u00e4hrt, gebe ich die Sachlage durch. M\u00e4nner&#8230;<\/p>\n<p>&#8222;Da waren ja Autos hinter uns.&#8220; Ja die w\u00e4ren da auch weiter gewesen, aber man h\u00e4tte die Sache ja auch beobachten k\u00f6nnen und eventuell die Kuh sichern. Ich liebe meinen Mann, aber manchmal versteh ich ihn einfach nicht.<\/p>\n<p>Zuhause angekommen werden erst einmal die Tiere verw\u00f6hnt, die mussten ja schlie\u00dflich ganze zwei Stunden ohne uns auskommen. Danach stelle ich mich hin und mache Kartoffelsalat mit selbst gemachter Mayonnaise. Zur Strafe sch\u00e4le ich die Kartoffeln nicht. Ich mag sie mit Pelle und die Arbeit f\u00fcr meinen Mann mache ich mir jetzt nicht. Klingt irgendwie kindisch, aber so bin ich. Nicht, dass ihn das st\u00f6ren w\u00fcrde, er ist Kummer gew\u00f6hnt \ud83d\ude42<\/p>\n<p>Unser japanisches Schloss macht Fortschritte, der Drucker ist jetzt mit Teil vier vom dritten Level besch\u00e4ftigt. Fehlen nur noch acht Teile. Druckzeit jeweils 24 Stunden. Uff.<\/p>\n<p>Abends beginnt es zu schneien. Ich erkl\u00e4re mich hiermit f\u00fcr gesund und schnappe mir die Schneeschaufel und beginne rund ums Haus freizuschaufeln.<\/p>\n<p>Ich liebe Schnee und Schneeschippen genauso!<\/p>\n<p>Fortsetzung <a href=\"https:\/\/alarna.de\/corona-tagebuch-tag-13\/\">hier<\/a><\/p>\n<p><a href=\"https:\/\/alarna.de\/endlich-infiziert\/\">So fing es an<\/a><\/p>\n\n\n","protected":false},"excerpt":{"rendered":"","protected":false},"author":1,"featured_media":478,"comment_status":"open","ping_status":"closed","sticky":false,"template":"","format":"standard","meta":{"footnotes":""},"categories":[9],"tags":[22,24,60,64,120],"class_list":["post-532","post","type-post","status-publish","format-standard","has-post-thumbnail","hentry","category-things","tag-corona","tag-covid-19","tag-ichhattecorona","tag-infiziert","tag-tagebuch"],"yoast_head":"<!-- This site is optimized with the Yoast SEO plugin v27.5 - https:\/\/yoast.com\/product\/yoast-seo-wordpress\/ -->\n<title>Corona Tagebuch Tag 12 - Alarnas Welt<\/title>\n<meta name=\"robots\" content=\"index, follow, max-snippet:-1, max-image-preview:large, max-video-preview:-1\" \/>\n<link rel=\"canonical\" href=\"https:\/\/alarna.de\/index.php\/2021\/01\/30\/corona-tagebuch-tag-12\/\" \/>\n<meta property=\"og:locale\" content=\"de_DE\" \/>\n<meta property=\"og:type\" content=\"article\" \/>\n<meta property=\"og:title\" content=\"Corona Tagebuch Tag 12 - Alarnas Welt\" \/>\n<meta property=\"og:url\" content=\"https:\/\/alarna.de\/index.php\/2021\/01\/30\/corona-tagebuch-tag-12\/\" \/>\n<meta property=\"og:site_name\" content=\"Alarnas Welt\" \/>\n<meta property=\"article:published_time\" content=\"2021-01-30T10:34:30+00:00\" \/>\n<meta name=\"author\" content=\"alarna\" \/>\n<meta name=\"twitter:card\" content=\"summary_large_image\" \/>\n<meta name=\"twitter:label1\" content=\"Verfasst von\" \/>\n\t<meta name=\"twitter:data1\" content=\"alarna\" \/>\n\t<meta name=\"twitter:label2\" content=\"Gesch\u00e4tzte Lesezeit\" \/>\n\t<meta name=\"twitter:data2\" content=\"2\u00a0Minuten\" \/>\n<script type=\"application\/ld+json\" class=\"yoast-schema-graph\">{\"@context\":\"https:\\\/\\\/schema.org\",\"@graph\":[{\"@type\":\"Article\",\"@id\":\"https:\\\/\\\/alarna.de\\\/index.php\\\/2021\\\/01\\\/30\\\/corona-tagebuch-tag-12\\\/#article\",\"isPartOf\":{\"@id\":\"https:\\\/\\\/alarna.de\\\/index.php\\\/2021\\\/01\\\/30\\\/corona-tagebuch-tag-12\\\/\"},\"author\":{\"name\":\"alarna\",\"@id\":\"https:\\\/\\\/alarna.de\\\/#\\\/schema\\\/person\\\/2180e0411189fcda16f7566f6543c8c3\"},\"headline\":\"Corona Tagebuch Tag 12\",\"datePublished\":\"2021-01-30T10:34:30+00:00\",\"mainEntityOfPage\":{\"@id\":\"https:\\\/\\\/alarna.de\\\/index.php\\\/2021\\\/01\\\/30\\\/corona-tagebuch-tag-12\\\/\"},\"wordCount\":497,\"commentCount\":0,\"image\":{\"@id\":\"https:\\\/\\\/alarna.de\\\/index.php\\\/2021\\\/01\\\/30\\\/corona-tagebuch-tag-12\\\/#primaryimage\"},\"thumbnailUrl\":\"https:\\\/\\\/alarna.de\\\/wp-content\\\/uploads\\\/2021\\\/01\\\/corona-tagebuch-klein-1.jpg\",\"keywords\":[\"corona\",\"covid-19\",\"ichhattecorona\",\"infiziert\",\"tagebuch\"],\"articleSection\":[\"Zweibeiner\"],\"inLanguage\":\"de\",\"potentialAction\":[{\"@type\":\"CommentAction\",\"name\":\"Comment\",\"target\":[\"https:\\\/\\\/alarna.de\\\/index.php\\\/2021\\\/01\\\/30\\\/corona-tagebuch-tag-12\\\/#respond\"]}]},{\"@type\":\"WebPage\",\"@id\":\"https:\\\/\\\/alarna.de\\\/index.php\\\/2021\\\/01\\\/30\\\/corona-tagebuch-tag-12\\\/\",\"url\":\"https:\\\/\\\/alarna.de\\\/index.php\\\/2021\\\/01\\\/30\\\/corona-tagebuch-tag-12\\\/\",\"name\":\"Corona Tagebuch Tag 12 - Alarnas Welt\",\"isPartOf\":{\"@id\":\"https:\\\/\\\/alarna.de\\\/#website\"},\"primaryImageOfPage\":{\"@id\":\"https:\\\/\\\/alarna.de\\\/index.php\\\/2021\\\/01\\\/30\\\/corona-tagebuch-tag-12\\\/#primaryimage\"},\"image\":{\"@id\":\"https:\\\/\\\/alarna.de\\\/index.php\\\/2021\\\/01\\\/30\\\/corona-tagebuch-tag-12\\\/#primaryimage\"},\"thumbnailUrl\":\"https:\\\/\\\/alarna.de\\\/wp-content\\\/uploads\\\/2021\\\/01\\\/corona-tagebuch-klein-1.jpg\",\"datePublished\":\"2021-01-30T10:34:30+00:00\",\"author\":{\"@id\":\"https:\\\/\\\/alarna.de\\\/#\\\/schema\\\/person\\\/2180e0411189fcda16f7566f6543c8c3\"},\"breadcrumb\":{\"@id\":\"https:\\\/\\\/alarna.de\\\/index.php\\\/2021\\\/01\\\/30\\\/corona-tagebuch-tag-12\\\/#breadcrumb\"},\"inLanguage\":\"de\",\"potentialAction\":[{\"@type\":\"ReadAction\",\"target\":[\"https:\\\/\\\/alarna.de\\\/index.php\\\/2021\\\/01\\\/30\\\/corona-tagebuch-tag-12\\\/\"]}]},{\"@type\":\"ImageObject\",\"inLanguage\":\"de\",\"@id\":\"https:\\\/\\\/alarna.de\\\/index.php\\\/2021\\\/01\\\/30\\\/corona-tagebuch-tag-12\\\/#primaryimage\",\"url\":\"https:\\\/\\\/alarna.de\\\/wp-content\\\/uploads\\\/2021\\\/01\\\/corona-tagebuch-klein-1.jpg\",\"contentUrl\":\"https:\\\/\\\/alarna.de\\\/wp-content\\\/uploads\\\/2021\\\/01\\\/corona-tagebuch-klein-1.jpg\",\"width\":801,\"height\":600},{\"@type\":\"BreadcrumbList\",\"@id\":\"https:\\\/\\\/alarna.de\\\/index.php\\\/2021\\\/01\\\/30\\\/corona-tagebuch-tag-12\\\/#breadcrumb\",\"itemListElement\":[{\"@type\":\"ListItem\",\"position\":1,\"name\":\"Startseite\",\"item\":\"https:\\\/\\\/alarna.de\\\/\"},{\"@type\":\"ListItem\",\"position\":2,\"name\":\"Corona Tagebuch Tag 12\"}]},{\"@type\":\"WebSite\",\"@id\":\"https:\\\/\\\/alarna.de\\\/#website\",\"url\":\"https:\\\/\\\/alarna.de\\\/\",\"name\":\"Alarnas Welt\",\"description\":\"Tierisch viel los\",\"potentialAction\":[{\"@type\":\"SearchAction\",\"target\":{\"@type\":\"EntryPoint\",\"urlTemplate\":\"https:\\\/\\\/alarna.de\\\/?s={search_term_string}\"},\"query-input\":{\"@type\":\"PropertyValueSpecification\",\"valueRequired\":true,\"valueName\":\"search_term_string\"}}],\"inLanguage\":\"de\"},{\"@type\":\"Person\",\"@id\":\"https:\\\/\\\/alarna.de\\\/#\\\/schema\\\/person\\\/2180e0411189fcda16f7566f6543c8c3\",\"name\":\"alarna\",\"image\":{\"@type\":\"ImageObject\",\"inLanguage\":\"de\",\"@id\":\"https:\\\/\\\/secure.gravatar.com\\\/avatar\\\/9691087f32321ef1477af5cb5fdbbdf7bd0689736d54cde066e94e6bb5fba756?s=96&r=g\",\"url\":\"https:\\\/\\\/secure.gravatar.com\\\/avatar\\\/9691087f32321ef1477af5cb5fdbbdf7bd0689736d54cde066e94e6bb5fba756?s=96&r=g\",\"contentUrl\":\"https:\\\/\\\/secure.gravatar.com\\\/avatar\\\/9691087f32321ef1477af5cb5fdbbdf7bd0689736d54cde066e94e6bb5fba756?s=96&r=g\",\"caption\":\"alarna\"},\"sameAs\":[\"https:\\\/\\\/alarna.de\"],\"url\":\"https:\\\/\\\/alarna.de\\\/index.php\\\/author\\\/alarna\\\/\"}]}<\/script>\n<!-- \/ Yoast SEO plugin. -->","yoast_head_json":{"title":"Corona Tagebuch Tag 12 - Alarnas Welt","robots":{"index":"index","follow":"follow","max-snippet":"max-snippet:-1","max-image-preview":"max-image-preview:large","max-video-preview":"max-video-preview:-1"},"canonical":"https:\/\/alarna.de\/index.php\/2021\/01\/30\/corona-tagebuch-tag-12\/","og_locale":"de_DE","og_type":"article","og_title":"Corona Tagebuch Tag 12 - Alarnas Welt","og_url":"https:\/\/alarna.de\/index.php\/2021\/01\/30\/corona-tagebuch-tag-12\/","og_site_name":"Alarnas Welt","article_published_time":"2021-01-30T10:34:30+00:00","author":"alarna","twitter_card":"summary_large_image","twitter_misc":{"Verfasst von":"alarna","Gesch\u00e4tzte Lesezeit":"2\u00a0Minuten"},"schema":{"@context":"https:\/\/schema.org","@graph":[{"@type":"Article","@id":"https:\/\/alarna.de\/index.php\/2021\/01\/30\/corona-tagebuch-tag-12\/#article","isPartOf":{"@id":"https:\/\/alarna.de\/index.php\/2021\/01\/30\/corona-tagebuch-tag-12\/"},"author":{"name":"alarna","@id":"https:\/\/alarna.de\/#\/schema\/person\/2180e0411189fcda16f7566f6543c8c3"},"headline":"Corona Tagebuch Tag 12","datePublished":"2021-01-30T10:34:30+00:00","mainEntityOfPage":{"@id":"https:\/\/alarna.de\/index.php\/2021\/01\/30\/corona-tagebuch-tag-12\/"},"wordCount":497,"commentCount":0,"image":{"@id":"https:\/\/alarna.de\/index.php\/2021\/01\/30\/corona-tagebuch-tag-12\/#primaryimage"},"thumbnailUrl":"https:\/\/alarna.de\/wp-content\/uploads\/2021\/01\/corona-tagebuch-klein-1.jpg","keywords":["corona","covid-19","ichhattecorona","infiziert","tagebuch"],"articleSection":["Zweibeiner"],"inLanguage":"de","potentialAction":[{"@type":"CommentAction","name":"Comment","target":["https:\/\/alarna.de\/index.php\/2021\/01\/30\/corona-tagebuch-tag-12\/#respond"]}]},{"@type":"WebPage","@id":"https:\/\/alarna.de\/index.php\/2021\/01\/30\/corona-tagebuch-tag-12\/","url":"https:\/\/alarna.de\/index.php\/2021\/01\/30\/corona-tagebuch-tag-12\/","name":"Corona Tagebuch Tag 12 - Alarnas Welt","isPartOf":{"@id":"https:\/\/alarna.de\/#website"},"primaryImageOfPage":{"@id":"https:\/\/alarna.de\/index.php\/2021\/01\/30\/corona-tagebuch-tag-12\/#primaryimage"},"image":{"@id":"https:\/\/alarna.de\/index.php\/2021\/01\/30\/corona-tagebuch-tag-12\/#primaryimage"},"thumbnailUrl":"https:\/\/alarna.de\/wp-content\/uploads\/2021\/01\/corona-tagebuch-klein-1.jpg","datePublished":"2021-01-30T10:34:30+00:00","author":{"@id":"https:\/\/alarna.de\/#\/schema\/person\/2180e0411189fcda16f7566f6543c8c3"},"breadcrumb":{"@id":"https:\/\/alarna.de\/index.php\/2021\/01\/30\/corona-tagebuch-tag-12\/#breadcrumb"},"inLanguage":"de","potentialAction":[{"@type":"ReadAction","target":["https:\/\/alarna.de\/index.php\/2021\/01\/30\/corona-tagebuch-tag-12\/"]}]},{"@type":"ImageObject","inLanguage":"de","@id":"https:\/\/alarna.de\/index.php\/2021\/01\/30\/corona-tagebuch-tag-12\/#primaryimage","url":"https:\/\/alarna.de\/wp-content\/uploads\/2021\/01\/corona-tagebuch-klein-1.jpg","contentUrl":"https:\/\/alarna.de\/wp-content\/uploads\/2021\/01\/corona-tagebuch-klein-1.jpg","width":801,"height":600},{"@type":"BreadcrumbList","@id":"https:\/\/alarna.de\/index.php\/2021\/01\/30\/corona-tagebuch-tag-12\/#breadcrumb","itemListElement":[{"@type":"ListItem","position":1,"name":"Startseite","item":"https:\/\/alarna.de\/"},{"@type":"ListItem","position":2,"name":"Corona Tagebuch Tag 12"}]},{"@type":"WebSite","@id":"https:\/\/alarna.de\/#website","url":"https:\/\/alarna.de\/","name":"Alarnas Welt","description":"Tierisch viel los","potentialAction":[{"@type":"SearchAction","target":{"@type":"EntryPoint","urlTemplate":"https:\/\/alarna.de\/?s={search_term_string}"},"query-input":{"@type":"PropertyValueSpecification","valueRequired":true,"valueName":"search_term_string"}}],"inLanguage":"de"},{"@type":"Person","@id":"https:\/\/alarna.de\/#\/schema\/person\/2180e0411189fcda16f7566f6543c8c3","name":"alarna","image":{"@type":"ImageObject","inLanguage":"de","@id":"https:\/\/secure.gravatar.com\/avatar\/9691087f32321ef1477af5cb5fdbbdf7bd0689736d54cde066e94e6bb5fba756?s=96&r=g","url":"https:\/\/secure.gravatar.com\/avatar\/9691087f32321ef1477af5cb5fdbbdf7bd0689736d54cde066e94e6bb5fba756?s=96&r=g","contentUrl":"https:\/\/secure.gravatar.com\/avatar\/9691087f32321ef1477af5cb5fdbbdf7bd0689736d54cde066e94e6bb5fba756?s=96&r=g","caption":"alarna"},"sameAs":["https:\/\/alarna.de"],"url":"https:\/\/alarna.de\/index.php\/author\/alarna\/"}]}},"_links":{"self":[{"href":"https:\/\/alarna.de\/index.php\/wp-json\/wp\/v2\/posts\/532","targetHints":{"allow":["GET"]}}],"collection":[{"href":"https:\/\/alarna.de\/index.php\/wp-json\/wp\/v2\/posts"}],"about":[{"href":"https:\/\/alarna.de\/index.php\/wp-json\/wp\/v2\/types\/post"}],"author":[{"embeddable":true,"href":"https:\/\/alarna.de\/index.php\/wp-json\/wp\/v2\/users\/1"}],"replies":[{"embeddable":true,"href":"https:\/\/alarna.de\/index.php\/wp-json\/wp\/v2\/comments?post=532"}],"version-history":[{"count":0,"href":"https:\/\/alarna.de\/index.php\/wp-json\/wp\/v2\/posts\/532\/revisions"}],"wp:featuredmedia":[{"embeddable":true,"href":"https:\/\/alarna.de\/index.php\/wp-json\/wp\/v2\/media\/478"}],"wp:attachment":[{"href":"https:\/\/alarna.de\/index.php\/wp-json\/wp\/v2\/media?parent=532"}],"wp:term":[{"taxonomy":"category","embeddable":true,"href":"https:\/\/alarna.de\/index.php\/wp-json\/wp\/v2\/categories?post=532"},{"taxonomy":"post_tag","embeddable":true,"href":"https:\/\/alarna.de\/index.php\/wp-json\/wp\/v2\/tags?post=532"}],"curies":[{"name":"wp","href":"https:\/\/api.w.org\/{rel}","templated":true}]}}