{"id":525,"date":"2021-01-29T13:31:46","date_gmt":"2021-01-29T11:31:46","guid":{"rendered":"https:\/\/alarna.de\/?p=525"},"modified":"2021-01-29T13:31:46","modified_gmt":"2021-01-29T11:31:46","slug":"corona-tagebuch-tag-11","status":"publish","type":"post","link":"https:\/\/alarna.de\/index.php\/2021\/01\/29\/corona-tagebuch-tag-11\/","title":{"rendered":"Corona Tagebuch Tag 11"},"content":{"rendered":"\n<p>Die Nase ist immer noch nicht okay. Jetzt habe ich das auch nicht wirklich erwartet, ein Schnupfen dauert ja in der Regel etwas, aber l\u00e4stig ist das doch und au\u00dferdem habe ich bisher nirgendwo gelesen, das sei typisch Corona.<\/p>\n<p>Vor unserem Tor wird gebaut &#8211; eigentlich schr\u00e4g daneben, es entstehen dort sechs Einfamilienh\u00e4user und der Krach wirft mich aus dem Schlaf. Nicht einmal in Quarant\u00e4ne kann man ausschlafen.<\/p>\n<p>Also Tiere f\u00fcttern und die erste Gartenrunde drehen. Wir leben gerade sehr luxuri\u00f6s. Unsere Hunde k\u00f6nnen ganz normal in den Garten und toben, ihr Gesch\u00e4ft verrichten oder sich bequem in die Einfahrt legen. Ich frage mich, wie das Hundebesitzer machen, die keinen Garten haben. So ein Hund muss mal. Egal ob sein Besitzer in Quarant\u00e4ne ist oder nicht. Selbst wenn jemand anderes ginge, man muss den Hund ja \u00fcbergeben. Kontakt ist aber verboten.&nbsp;<\/p>\n<p><!--more--><\/p>\n<p>Eine der vielen Fragen, die sich mir in dieser Situation stellen. Auf so etwas ist man doch \u00fcberhaupt nicht vorbereitet. Wir haben zum Beispiel genug Vorr\u00e4te um zwei Wochen essen zu k\u00f6nnen, aber dann m\u00fcssten wir auf die wichtigsten Dinge verzichten, n\u00e4mlich frisches Obst, Gem\u00fcse, Salat. Genau die Lebensmittel, die bei der Bek\u00e4mpfung einer Krankheit helfen.<\/p>\n<p>Wie machen das Menschen mit Mindestlohn oder Aufstocker oder ALG II Empf\u00e4nger? Wir waren selbst in dieser Situation, das ist Jahre her, aber ich kann mich sehr gut daran erinnern. Da gab es keinen Bio-Salat, da war ich froh, wenn es f\u00fcr Salat reichte, an viel Obst war da nicht zu denken. Zu der Zeit hatten wir auch keinen Garten, f\u00fcrs Fr\u00fchst\u00fcck Obst pfl\u00fccken gab es da nicht.<\/p>\n<p>Zum Gl\u00fcck f\u00fcr uns beide rauchen wir nicht und das teuerste Hobby damals war World of Warcraft. Ich habe an allem gespart, aber nie am Essen. Es gab also Salat und Obst, aber beides nicht Bio und es war nicht sehr viel davon.<\/p>\n<p>Heute geh\u00f6rt auf den Einkaufszettel Gurke, Tomate, Salat &#8211; verschiedene Sorten &#8211; Obst und Kr\u00e4uter sowie Gem\u00fcse. Das brauchen wir gar nicht mehr notieren. Wenn wir aus der Obst- und Gem\u00fcseabteilung kommen, ist der Wagen schon gut gef\u00fcllt.<\/p>\n<p>Oft sehe ich beim Einkaufen Menschen, die neidvoll auf meine Demeter-Bananen sehen. Mir tut das leid, au\u00dfer in den F\u00e4llen, in denen ich dann sehe, wie an der Kasse Zigaretten eingepackt werden. Als ich jung war, war ich auch so bekloppt. Mit 19 war ich kurze Zeit arbeitslos, ern\u00e4hrte mich von Brot mit Senf, damit ich mir Tabak kaufen konnte. Wie bl\u00f6d man doch sein kann.<\/p>\n<p>Heute ist jedoch das Badezimmer dran. Waschbecken und Toilette glauben es kaum, dass sie noch einmal strahlen d\u00fcrfen. Das ist sp\u00e4testens dann vorbei, wenn unsere Katze entdeckt, dass das Waschbecken strahlend sauber ist. Sie schafft es immer wieder ihre Pfotenabdr\u00fccke dort zu hinterlassen. Ich sollte solche&nbsp; Aufkleber anbringen, vielleicht schreckt sie das ab.<\/p>\n<p>Eine gro\u00dfe \u00dcberraschung erwartet mich im Briefkasten. Der Brief an sich sieht unscheinbar aus, man erkennt erst einmal nicht, wer der Absender ist. Als ich ihn ge\u00f6ffnet habe, falle ich fast um. Seht selbst.<\/p>\n<p><img loading=\"lazy\" decoding=\"async\" class=\"alignnone size-full wp-image-528\" src=\"https:\/\/alarna.de\/wp-content\/uploads\/2021\/01\/bundesregierung-1-2-2.jpg\" alt=\"\" width=\"1055\" height=\"1492\"><\/p>\n<p>Mein Mann lacht sich halb tot, kommt das Ganze doch eine klitzekleine Kleinigkeit von zwei Wochen zu sp\u00e4t. Ich frage mich allerdings, woher wei\u00df die Bundesregierung, dass ich ein erh\u00f6htes Risiko habe? Ich bin nicht einmal 60 Jahre alt &#8211; das w\u00e4re also durch die Daten vom Einwohnermeldeamt zu erfahren gewesen. Aber meine Krankengeschichte? Wieso kennt die Regierung die?<\/p>\n<p>Ich schrei jetzt nicht &#8222;Nein, ich will die g\u00fcnstigen Masken nicht!&#8220;, aber what the fuck? Woher haben die meine Daten? Augenscheinlich haben sie Kontakt zu den Krankenversicherungen, aber ich habe denen nicht erlaubt, meine Daten mit irgendwem zu teilen. Ich bin erbost.&nbsp;<\/p>\n<p>Heute habe ich 4000 Schritte geschafft, bin jetzt aber v\u00f6llig fertig. Das ist das Bl\u00f6de mit Schonen und krank sein, man ist so schnell weniger leistungsf\u00e4hig. Ich glaube ich werfe mal die Wii an.<\/p>\n<p>Fortsetzung <a href=\"https:\/\/alarna.de\/corona-tagebuch-tag-12\/\">hier<\/a><\/p>\n<p><a href=\"https:\/\/alarna.de\/endlich-infiziert\/\">So fing es an<\/a><\/p>\n\n\n","protected":false},"excerpt":{"rendered":"","protected":false},"author":1,"featured_media":478,"comment_status":"open","ping_status":"closed","sticky":false,"template":"","format":"standard","meta":{"footnotes":""},"categories":[9],"tags":[22,24,60,64,120],"class_list":["post-525","post","type-post","status-publish","format-standard","has-post-thumbnail","hentry","category-things","tag-corona","tag-covid-19","tag-ichhattecorona","tag-infiziert","tag-tagebuch"],"yoast_head":"<!-- This site is optimized with the Yoast SEO plugin v27.4 - https:\/\/yoast.com\/product\/yoast-seo-wordpress\/ -->\n<title>Corona Tagebuch Tag 11 - Alarnas Welt<\/title>\n<meta name=\"robots\" content=\"index, follow, max-snippet:-1, max-image-preview:large, max-video-preview:-1\" \/>\n<link rel=\"canonical\" href=\"https:\/\/alarna.de\/index.php\/2021\/01\/29\/corona-tagebuch-tag-11\/\" \/>\n<meta property=\"og:locale\" content=\"de_DE\" \/>\n<meta property=\"og:type\" content=\"article\" \/>\n<meta property=\"og:title\" content=\"Corona Tagebuch Tag 11 - Alarnas Welt\" \/>\n<meta property=\"og:url\" content=\"https:\/\/alarna.de\/index.php\/2021\/01\/29\/corona-tagebuch-tag-11\/\" \/>\n<meta property=\"og:site_name\" content=\"Alarnas Welt\" \/>\n<meta property=\"article:published_time\" content=\"2021-01-29T11:31:46+00:00\" \/>\n<meta property=\"og:image\" content=\"https:\/\/alarna.de\/wp-content\/uploads\/2021\/01\/bundesregierung.jpg\" \/>\n<meta name=\"author\" content=\"alarna\" \/>\n<meta name=\"twitter:card\" content=\"summary_large_image\" \/>\n<meta name=\"twitter:label1\" content=\"Verfasst von\" \/>\n\t<meta name=\"twitter:data1\" content=\"alarna\" \/>\n\t<meta name=\"twitter:label2\" content=\"Gesch\u00e4tzte Lesezeit\" \/>\n\t<meta name=\"twitter:data2\" content=\"3\u00a0Minuten\" \/>\n<script type=\"application\/ld+json\" class=\"yoast-schema-graph\">{\"@context\":\"https:\\\/\\\/schema.org\",\"@graph\":[{\"@type\":\"Article\",\"@id\":\"https:\\\/\\\/alarna.de\\\/index.php\\\/2021\\\/01\\\/29\\\/corona-tagebuch-tag-11\\\/#article\",\"isPartOf\":{\"@id\":\"https:\\\/\\\/alarna.de\\\/index.php\\\/2021\\\/01\\\/29\\\/corona-tagebuch-tag-11\\\/\"},\"author\":{\"name\":\"alarna\",\"@id\":\"https:\\\/\\\/alarna.de\\\/#\\\/schema\\\/person\\\/2180e0411189fcda16f7566f6543c8c3\"},\"headline\":\"Corona Tagebuch Tag 11\",\"datePublished\":\"2021-01-29T11:31:46+00:00\",\"mainEntityOfPage\":{\"@id\":\"https:\\\/\\\/alarna.de\\\/index.php\\\/2021\\\/01\\\/29\\\/corona-tagebuch-tag-11\\\/\"},\"wordCount\":688,\"commentCount\":0,\"image\":{\"@id\":\"https:\\\/\\\/alarna.de\\\/index.php\\\/2021\\\/01\\\/29\\\/corona-tagebuch-tag-11\\\/#primaryimage\"},\"thumbnailUrl\":\"https:\\\/\\\/alarna.de\\\/wp-content\\\/uploads\\\/2021\\\/01\\\/corona-tagebuch-klein-1.jpg\",\"keywords\":[\"corona\",\"covid-19\",\"ichhattecorona\",\"infiziert\",\"tagebuch\"],\"articleSection\":[\"Zweibeiner\"],\"inLanguage\":\"de\",\"potentialAction\":[{\"@type\":\"CommentAction\",\"name\":\"Comment\",\"target\":[\"https:\\\/\\\/alarna.de\\\/index.php\\\/2021\\\/01\\\/29\\\/corona-tagebuch-tag-11\\\/#respond\"]}]},{\"@type\":\"WebPage\",\"@id\":\"https:\\\/\\\/alarna.de\\\/index.php\\\/2021\\\/01\\\/29\\\/corona-tagebuch-tag-11\\\/\",\"url\":\"https:\\\/\\\/alarna.de\\\/index.php\\\/2021\\\/01\\\/29\\\/corona-tagebuch-tag-11\\\/\",\"name\":\"Corona Tagebuch Tag 11 - Alarnas Welt\",\"isPartOf\":{\"@id\":\"https:\\\/\\\/alarna.de\\\/#website\"},\"primaryImageOfPage\":{\"@id\":\"https:\\\/\\\/alarna.de\\\/index.php\\\/2021\\\/01\\\/29\\\/corona-tagebuch-tag-11\\\/#primaryimage\"},\"image\":{\"@id\":\"https:\\\/\\\/alarna.de\\\/index.php\\\/2021\\\/01\\\/29\\\/corona-tagebuch-tag-11\\\/#primaryimage\"},\"thumbnailUrl\":\"https:\\\/\\\/alarna.de\\\/wp-content\\\/uploads\\\/2021\\\/01\\\/corona-tagebuch-klein-1.jpg\",\"datePublished\":\"2021-01-29T11:31:46+00:00\",\"author\":{\"@id\":\"https:\\\/\\\/alarna.de\\\/#\\\/schema\\\/person\\\/2180e0411189fcda16f7566f6543c8c3\"},\"breadcrumb\":{\"@id\":\"https:\\\/\\\/alarna.de\\\/index.php\\\/2021\\\/01\\\/29\\\/corona-tagebuch-tag-11\\\/#breadcrumb\"},\"inLanguage\":\"de\",\"potentialAction\":[{\"@type\":\"ReadAction\",\"target\":[\"https:\\\/\\\/alarna.de\\\/index.php\\\/2021\\\/01\\\/29\\\/corona-tagebuch-tag-11\\\/\"]}]},{\"@type\":\"ImageObject\",\"inLanguage\":\"de\",\"@id\":\"https:\\\/\\\/alarna.de\\\/index.php\\\/2021\\\/01\\\/29\\\/corona-tagebuch-tag-11\\\/#primaryimage\",\"url\":\"https:\\\/\\\/alarna.de\\\/wp-content\\\/uploads\\\/2021\\\/01\\\/corona-tagebuch-klein-1.jpg\",\"contentUrl\":\"https:\\\/\\\/alarna.de\\\/wp-content\\\/uploads\\\/2021\\\/01\\\/corona-tagebuch-klein-1.jpg\",\"width\":801,\"height\":600},{\"@type\":\"BreadcrumbList\",\"@id\":\"https:\\\/\\\/alarna.de\\\/index.php\\\/2021\\\/01\\\/29\\\/corona-tagebuch-tag-11\\\/#breadcrumb\",\"itemListElement\":[{\"@type\":\"ListItem\",\"position\":1,\"name\":\"Startseite\",\"item\":\"https:\\\/\\\/alarna.de\\\/\"},{\"@type\":\"ListItem\",\"position\":2,\"name\":\"Corona Tagebuch Tag 11\"}]},{\"@type\":\"WebSite\",\"@id\":\"https:\\\/\\\/alarna.de\\\/#website\",\"url\":\"https:\\\/\\\/alarna.de\\\/\",\"name\":\"Alarnas Welt\",\"description\":\"Tierisch viel los\",\"potentialAction\":[{\"@type\":\"SearchAction\",\"target\":{\"@type\":\"EntryPoint\",\"urlTemplate\":\"https:\\\/\\\/alarna.de\\\/?s={search_term_string}\"},\"query-input\":{\"@type\":\"PropertyValueSpecification\",\"valueRequired\":true,\"valueName\":\"search_term_string\"}}],\"inLanguage\":\"de\"},{\"@type\":\"Person\",\"@id\":\"https:\\\/\\\/alarna.de\\\/#\\\/schema\\\/person\\\/2180e0411189fcda16f7566f6543c8c3\",\"name\":\"alarna\",\"image\":{\"@type\":\"ImageObject\",\"inLanguage\":\"de\",\"@id\":\"https:\\\/\\\/secure.gravatar.com\\\/avatar\\\/9691087f32321ef1477af5cb5fdbbdf7bd0689736d54cde066e94e6bb5fba756?s=96&r=g\",\"url\":\"https:\\\/\\\/secure.gravatar.com\\\/avatar\\\/9691087f32321ef1477af5cb5fdbbdf7bd0689736d54cde066e94e6bb5fba756?s=96&r=g\",\"contentUrl\":\"https:\\\/\\\/secure.gravatar.com\\\/avatar\\\/9691087f32321ef1477af5cb5fdbbdf7bd0689736d54cde066e94e6bb5fba756?s=96&r=g\",\"caption\":\"alarna\"},\"sameAs\":[\"https:\\\/\\\/alarna.de\"],\"url\":\"https:\\\/\\\/alarna.de\\\/index.php\\\/author\\\/alarna\\\/\"}]}<\/script>\n<!-- \/ Yoast SEO plugin. -->","yoast_head_json":{"title":"Corona Tagebuch Tag 11 - Alarnas Welt","robots":{"index":"index","follow":"follow","max-snippet":"max-snippet:-1","max-image-preview":"max-image-preview:large","max-video-preview":"max-video-preview:-1"},"canonical":"https:\/\/alarna.de\/index.php\/2021\/01\/29\/corona-tagebuch-tag-11\/","og_locale":"de_DE","og_type":"article","og_title":"Corona Tagebuch Tag 11 - Alarnas Welt","og_url":"https:\/\/alarna.de\/index.php\/2021\/01\/29\/corona-tagebuch-tag-11\/","og_site_name":"Alarnas Welt","article_published_time":"2021-01-29T11:31:46+00:00","og_image":[{"url":"https:\/\/alarna.de\/wp-content\/uploads\/2021\/01\/bundesregierung.jpg","type":"","width":"","height":""}],"author":"alarna","twitter_card":"summary_large_image","twitter_misc":{"Verfasst von":"alarna","Gesch\u00e4tzte Lesezeit":"3\u00a0Minuten"},"schema":{"@context":"https:\/\/schema.org","@graph":[{"@type":"Article","@id":"https:\/\/alarna.de\/index.php\/2021\/01\/29\/corona-tagebuch-tag-11\/#article","isPartOf":{"@id":"https:\/\/alarna.de\/index.php\/2021\/01\/29\/corona-tagebuch-tag-11\/"},"author":{"name":"alarna","@id":"https:\/\/alarna.de\/#\/schema\/person\/2180e0411189fcda16f7566f6543c8c3"},"headline":"Corona Tagebuch Tag 11","datePublished":"2021-01-29T11:31:46+00:00","mainEntityOfPage":{"@id":"https:\/\/alarna.de\/index.php\/2021\/01\/29\/corona-tagebuch-tag-11\/"},"wordCount":688,"commentCount":0,"image":{"@id":"https:\/\/alarna.de\/index.php\/2021\/01\/29\/corona-tagebuch-tag-11\/#primaryimage"},"thumbnailUrl":"https:\/\/alarna.de\/wp-content\/uploads\/2021\/01\/corona-tagebuch-klein-1.jpg","keywords":["corona","covid-19","ichhattecorona","infiziert","tagebuch"],"articleSection":["Zweibeiner"],"inLanguage":"de","potentialAction":[{"@type":"CommentAction","name":"Comment","target":["https:\/\/alarna.de\/index.php\/2021\/01\/29\/corona-tagebuch-tag-11\/#respond"]}]},{"@type":"WebPage","@id":"https:\/\/alarna.de\/index.php\/2021\/01\/29\/corona-tagebuch-tag-11\/","url":"https:\/\/alarna.de\/index.php\/2021\/01\/29\/corona-tagebuch-tag-11\/","name":"Corona Tagebuch Tag 11 - Alarnas Welt","isPartOf":{"@id":"https:\/\/alarna.de\/#website"},"primaryImageOfPage":{"@id":"https:\/\/alarna.de\/index.php\/2021\/01\/29\/corona-tagebuch-tag-11\/#primaryimage"},"image":{"@id":"https:\/\/alarna.de\/index.php\/2021\/01\/29\/corona-tagebuch-tag-11\/#primaryimage"},"thumbnailUrl":"https:\/\/alarna.de\/wp-content\/uploads\/2021\/01\/corona-tagebuch-klein-1.jpg","datePublished":"2021-01-29T11:31:46+00:00","author":{"@id":"https:\/\/alarna.de\/#\/schema\/person\/2180e0411189fcda16f7566f6543c8c3"},"breadcrumb":{"@id":"https:\/\/alarna.de\/index.php\/2021\/01\/29\/corona-tagebuch-tag-11\/#breadcrumb"},"inLanguage":"de","potentialAction":[{"@type":"ReadAction","target":["https:\/\/alarna.de\/index.php\/2021\/01\/29\/corona-tagebuch-tag-11\/"]}]},{"@type":"ImageObject","inLanguage":"de","@id":"https:\/\/alarna.de\/index.php\/2021\/01\/29\/corona-tagebuch-tag-11\/#primaryimage","url":"https:\/\/alarna.de\/wp-content\/uploads\/2021\/01\/corona-tagebuch-klein-1.jpg","contentUrl":"https:\/\/alarna.de\/wp-content\/uploads\/2021\/01\/corona-tagebuch-klein-1.jpg","width":801,"height":600},{"@type":"BreadcrumbList","@id":"https:\/\/alarna.de\/index.php\/2021\/01\/29\/corona-tagebuch-tag-11\/#breadcrumb","itemListElement":[{"@type":"ListItem","position":1,"name":"Startseite","item":"https:\/\/alarna.de\/"},{"@type":"ListItem","position":2,"name":"Corona Tagebuch Tag 11"}]},{"@type":"WebSite","@id":"https:\/\/alarna.de\/#website","url":"https:\/\/alarna.de\/","name":"Alarnas Welt","description":"Tierisch viel los","potentialAction":[{"@type":"SearchAction","target":{"@type":"EntryPoint","urlTemplate":"https:\/\/alarna.de\/?s={search_term_string}"},"query-input":{"@type":"PropertyValueSpecification","valueRequired":true,"valueName":"search_term_string"}}],"inLanguage":"de"},{"@type":"Person","@id":"https:\/\/alarna.de\/#\/schema\/person\/2180e0411189fcda16f7566f6543c8c3","name":"alarna","image":{"@type":"ImageObject","inLanguage":"de","@id":"https:\/\/secure.gravatar.com\/avatar\/9691087f32321ef1477af5cb5fdbbdf7bd0689736d54cde066e94e6bb5fba756?s=96&r=g","url":"https:\/\/secure.gravatar.com\/avatar\/9691087f32321ef1477af5cb5fdbbdf7bd0689736d54cde066e94e6bb5fba756?s=96&r=g","contentUrl":"https:\/\/secure.gravatar.com\/avatar\/9691087f32321ef1477af5cb5fdbbdf7bd0689736d54cde066e94e6bb5fba756?s=96&r=g","caption":"alarna"},"sameAs":["https:\/\/alarna.de"],"url":"https:\/\/alarna.de\/index.php\/author\/alarna\/"}]}},"_links":{"self":[{"href":"https:\/\/alarna.de\/index.php\/wp-json\/wp\/v2\/posts\/525","targetHints":{"allow":["GET"]}}],"collection":[{"href":"https:\/\/alarna.de\/index.php\/wp-json\/wp\/v2\/posts"}],"about":[{"href":"https:\/\/alarna.de\/index.php\/wp-json\/wp\/v2\/types\/post"}],"author":[{"embeddable":true,"href":"https:\/\/alarna.de\/index.php\/wp-json\/wp\/v2\/users\/1"}],"replies":[{"embeddable":true,"href":"https:\/\/alarna.de\/index.php\/wp-json\/wp\/v2\/comments?post=525"}],"version-history":[{"count":0,"href":"https:\/\/alarna.de\/index.php\/wp-json\/wp\/v2\/posts\/525\/revisions"}],"wp:featuredmedia":[{"embeddable":true,"href":"https:\/\/alarna.de\/index.php\/wp-json\/wp\/v2\/media\/478"}],"wp:attachment":[{"href":"https:\/\/alarna.de\/index.php\/wp-json\/wp\/v2\/media?parent=525"}],"wp:term":[{"taxonomy":"category","embeddable":true,"href":"https:\/\/alarna.de\/index.php\/wp-json\/wp\/v2\/categories?post=525"},{"taxonomy":"post_tag","embeddable":true,"href":"https:\/\/alarna.de\/index.php\/wp-json\/wp\/v2\/tags?post=525"}],"curies":[{"name":"wp","href":"https:\/\/api.w.org\/{rel}","templated":true}]}}