{"id":520,"date":"2021-01-28T13:45:17","date_gmt":"2021-01-28T11:45:17","guid":{"rendered":"https:\/\/alarna.de\/?p=520"},"modified":"2021-01-28T13:45:17","modified_gmt":"2021-01-28T11:45:17","slug":"corona-tagebuch-tag-10","status":"publish","type":"post","link":"https:\/\/alarna.de\/index.php\/2021\/01\/28\/corona-tagebuch-tag-10\/","title":{"rendered":"Corona Tagebuch Tag 10"},"content":{"rendered":"\n<p>Frisch und munter erwacht, der Hals ist gut, nur das leidige Nasenproblem besteht noch.<\/p>\n<p>Urspr\u00fcnglich hatte ich vor, heute mein Fazit zu ziehen, aber das muss noch warten, denn das Gesundheitsamt hat reagiert und mich f\u00fcr einen Abstrich abkommandiert. Ich muss daf\u00fcr nach Luckenwalde.<\/p>\n<p>Jetzt stellen sich mir gleich mehrere Fragen:<\/p>\n<ol>\n<li>Ich bin in Quarant\u00e4ne, darf das Haus nicht verlassen, soll aber zu dieser Teststelle kommen. Das bei\u00dft sich doch?<\/li>\n<li>Gesetzt den Fall, ich h\u00e4tte kein Auto &#8211; wie k\u00e4me ich dann dahin? \u00d6PNV dauert 2 Stunden mit Umsteigen, Taxi ginge zwar schneller, aber in beiden F\u00e4llen w\u00fcrde ich gegen meine Quarant\u00e4neauflagen versto\u00dfen.<\/li>\n<li>Wie machen das Leute auf dem Land? Oder mitten in einer Gro\u00dfstadt ohne Auto?<\/li>\n<\/ol>\n<p><!--more--><\/p>\n<p>Wir haben zwar Gl\u00fcck und einen fahrbaren Untersatz, aber ich m\u00f6chte jetzt nicht wissen, wie viele Menschen unter diesen Umst\u00e4nden andere anstecken, nur weil sie zum Abstrich zitiert werden.<\/p>\n<p>Schlechte Nachrichten gibt es von meiner Auftraggeberin. Ihr geht es nicht gut, sie riecht nichts und ihre Tochter hat jetzt Fieber. Ich dr\u00fccke die Daumen und w\u00fcnsche ihnen, dass alles gut geht. Verst\u00e4ndlicherweise haben die beiden Angst, dass jemand ins Krankenhaus muss.<\/p>\n<p>Sie und ich sind fast gleichaltrig, wir geh\u00f6ren beide zur Risikogruppe aber ich habe einen entscheidenden Vorteil. Ich habe bereits vor 22 Jahren aufgeh\u00f6rt zu rauchen, sie erst letztes Jahr. Wenn ich mein Fazit schreibe, komme ich darauf zur\u00fcck.<\/p>\n<p>Mittlerweile sind auch die Schreiben vom Gesundheitsamt hier, die mein Mann an den Arbeitgeber weiterleiten muss. Angeordnete Quarant\u00e4ne.<\/p>\n<p>Da mein Haushalt laut nach Hilfe schreit, widme ich mich heute der K\u00fcche. Sp\u00fclbecken und Herd nehmen das erleichtert zur Kenntnis, beide gl\u00e4nzen und funkeln wieder. Mein Mann verl\u00e4sst den Raum fluchtartig wieder, da er meinen selbst gemixten Kalkl\u00f6ser nicht riechen mag.&nbsp; Dabei ist der Geruch von Essig, gepaart mit Isopropanol plus Sp\u00fcli plus Wasser doch herrlich erfrischend&#8230;<\/p>\n<p>Ich halte mich zur\u00fcck, es ist immer noch Schonung angesagt. Ein Blick auf meine Smartwatch verr\u00e4t mir, dass es dringend Zeit wird wieder fit zu sein, ich kam im Schnitt auf dreitausend Schritte pro Tag, das ist viel zu wenig.<\/p>\n<p>Heute l\u00e4sst mein Mann F\u00fcrst Sakai die Mongolen verpr\u00fcgeln, den Abend verbringen wir auf der Couch mit Tierdokus von National Geographic.<\/p>\n<p>Fortsetzung folgt<\/p>\n<p><a href=\"https:\/\/alarna.de\/endlich-infiziert\/\">So fing es an<\/a><\/p>\n\n\n","protected":false},"excerpt":{"rendered":"","protected":false},"author":1,"featured_media":478,"comment_status":"open","ping_status":"closed","sticky":false,"template":"","format":"standard","meta":{"footnotes":""},"categories":[9],"tags":[22,24,60,64,120],"class_list":["post-520","post","type-post","status-publish","format-standard","has-post-thumbnail","hentry","category-things","tag-corona","tag-covid-19","tag-ichhattecorona","tag-infiziert","tag-tagebuch"],"yoast_head":"<!-- This site is optimized with the Yoast SEO plugin v27.4 - https:\/\/yoast.com\/product\/yoast-seo-wordpress\/ -->\n<title>Corona Tagebuch Tag 10 - Alarnas Welt<\/title>\n<meta name=\"robots\" content=\"index, follow, max-snippet:-1, max-image-preview:large, max-video-preview:-1\" \/>\n<link rel=\"canonical\" href=\"https:\/\/alarna.de\/index.php\/2021\/01\/28\/corona-tagebuch-tag-10\/\" \/>\n<meta property=\"og:locale\" content=\"de_DE\" \/>\n<meta property=\"og:type\" content=\"article\" \/>\n<meta property=\"og:title\" content=\"Corona Tagebuch Tag 10 - Alarnas Welt\" \/>\n<meta property=\"og:url\" content=\"https:\/\/alarna.de\/index.php\/2021\/01\/28\/corona-tagebuch-tag-10\/\" \/>\n<meta property=\"og:site_name\" content=\"Alarnas Welt\" \/>\n<meta property=\"article:published_time\" content=\"2021-01-28T11:45:17+00:00\" \/>\n<meta name=\"author\" content=\"alarna\" \/>\n<meta name=\"twitter:card\" content=\"summary_large_image\" \/>\n<meta name=\"twitter:label1\" content=\"Verfasst von\" \/>\n\t<meta name=\"twitter:data1\" content=\"alarna\" \/>\n\t<meta name=\"twitter:label2\" content=\"Gesch\u00e4tzte Lesezeit\" \/>\n\t<meta name=\"twitter:data2\" content=\"2\u00a0Minuten\" \/>\n<script type=\"application\/ld+json\" class=\"yoast-schema-graph\">{\"@context\":\"https:\\\/\\\/schema.org\",\"@graph\":[{\"@type\":\"Article\",\"@id\":\"https:\\\/\\\/alarna.de\\\/index.php\\\/2021\\\/01\\\/28\\\/corona-tagebuch-tag-10\\\/#article\",\"isPartOf\":{\"@id\":\"https:\\\/\\\/alarna.de\\\/index.php\\\/2021\\\/01\\\/28\\\/corona-tagebuch-tag-10\\\/\"},\"author\":{\"name\":\"alarna\",\"@id\":\"https:\\\/\\\/alarna.de\\\/#\\\/schema\\\/person\\\/2180e0411189fcda16f7566f6543c8c3\"},\"headline\":\"Corona Tagebuch Tag 10\",\"datePublished\":\"2021-01-28T11:45:17+00:00\",\"mainEntityOfPage\":{\"@id\":\"https:\\\/\\\/alarna.de\\\/index.php\\\/2021\\\/01\\\/28\\\/corona-tagebuch-tag-10\\\/\"},\"wordCount\":405,\"commentCount\":0,\"image\":{\"@id\":\"https:\\\/\\\/alarna.de\\\/index.php\\\/2021\\\/01\\\/28\\\/corona-tagebuch-tag-10\\\/#primaryimage\"},\"thumbnailUrl\":\"https:\\\/\\\/alarna.de\\\/wp-content\\\/uploads\\\/2021\\\/01\\\/corona-tagebuch-klein-1.jpg\",\"keywords\":[\"corona\",\"covid-19\",\"ichhattecorona\",\"infiziert\",\"tagebuch\"],\"articleSection\":[\"Zweibeiner\"],\"inLanguage\":\"de\",\"potentialAction\":[{\"@type\":\"CommentAction\",\"name\":\"Comment\",\"target\":[\"https:\\\/\\\/alarna.de\\\/index.php\\\/2021\\\/01\\\/28\\\/corona-tagebuch-tag-10\\\/#respond\"]}]},{\"@type\":\"WebPage\",\"@id\":\"https:\\\/\\\/alarna.de\\\/index.php\\\/2021\\\/01\\\/28\\\/corona-tagebuch-tag-10\\\/\",\"url\":\"https:\\\/\\\/alarna.de\\\/index.php\\\/2021\\\/01\\\/28\\\/corona-tagebuch-tag-10\\\/\",\"name\":\"Corona Tagebuch Tag 10 - Alarnas Welt\",\"isPartOf\":{\"@id\":\"https:\\\/\\\/alarna.de\\\/#website\"},\"primaryImageOfPage\":{\"@id\":\"https:\\\/\\\/alarna.de\\\/index.php\\\/2021\\\/01\\\/28\\\/corona-tagebuch-tag-10\\\/#primaryimage\"},\"image\":{\"@id\":\"https:\\\/\\\/alarna.de\\\/index.php\\\/2021\\\/01\\\/28\\\/corona-tagebuch-tag-10\\\/#primaryimage\"},\"thumbnailUrl\":\"https:\\\/\\\/alarna.de\\\/wp-content\\\/uploads\\\/2021\\\/01\\\/corona-tagebuch-klein-1.jpg\",\"datePublished\":\"2021-01-28T11:45:17+00:00\",\"author\":{\"@id\":\"https:\\\/\\\/alarna.de\\\/#\\\/schema\\\/person\\\/2180e0411189fcda16f7566f6543c8c3\"},\"breadcrumb\":{\"@id\":\"https:\\\/\\\/alarna.de\\\/index.php\\\/2021\\\/01\\\/28\\\/corona-tagebuch-tag-10\\\/#breadcrumb\"},\"inLanguage\":\"de\",\"potentialAction\":[{\"@type\":\"ReadAction\",\"target\":[\"https:\\\/\\\/alarna.de\\\/index.php\\\/2021\\\/01\\\/28\\\/corona-tagebuch-tag-10\\\/\"]}]},{\"@type\":\"ImageObject\",\"inLanguage\":\"de\",\"@id\":\"https:\\\/\\\/alarna.de\\\/index.php\\\/2021\\\/01\\\/28\\\/corona-tagebuch-tag-10\\\/#primaryimage\",\"url\":\"https:\\\/\\\/alarna.de\\\/wp-content\\\/uploads\\\/2021\\\/01\\\/corona-tagebuch-klein-1.jpg\",\"contentUrl\":\"https:\\\/\\\/alarna.de\\\/wp-content\\\/uploads\\\/2021\\\/01\\\/corona-tagebuch-klein-1.jpg\",\"width\":801,\"height\":600},{\"@type\":\"BreadcrumbList\",\"@id\":\"https:\\\/\\\/alarna.de\\\/index.php\\\/2021\\\/01\\\/28\\\/corona-tagebuch-tag-10\\\/#breadcrumb\",\"itemListElement\":[{\"@type\":\"ListItem\",\"position\":1,\"name\":\"Startseite\",\"item\":\"https:\\\/\\\/alarna.de\\\/\"},{\"@type\":\"ListItem\",\"position\":2,\"name\":\"Corona Tagebuch Tag 10\"}]},{\"@type\":\"WebSite\",\"@id\":\"https:\\\/\\\/alarna.de\\\/#website\",\"url\":\"https:\\\/\\\/alarna.de\\\/\",\"name\":\"Alarnas Welt\",\"description\":\"Tierisch viel los\",\"potentialAction\":[{\"@type\":\"SearchAction\",\"target\":{\"@type\":\"EntryPoint\",\"urlTemplate\":\"https:\\\/\\\/alarna.de\\\/?s={search_term_string}\"},\"query-input\":{\"@type\":\"PropertyValueSpecification\",\"valueRequired\":true,\"valueName\":\"search_term_string\"}}],\"inLanguage\":\"de\"},{\"@type\":\"Person\",\"@id\":\"https:\\\/\\\/alarna.de\\\/#\\\/schema\\\/person\\\/2180e0411189fcda16f7566f6543c8c3\",\"name\":\"alarna\",\"image\":{\"@type\":\"ImageObject\",\"inLanguage\":\"de\",\"@id\":\"https:\\\/\\\/secure.gravatar.com\\\/avatar\\\/9691087f32321ef1477af5cb5fdbbdf7bd0689736d54cde066e94e6bb5fba756?s=96&r=g\",\"url\":\"https:\\\/\\\/secure.gravatar.com\\\/avatar\\\/9691087f32321ef1477af5cb5fdbbdf7bd0689736d54cde066e94e6bb5fba756?s=96&r=g\",\"contentUrl\":\"https:\\\/\\\/secure.gravatar.com\\\/avatar\\\/9691087f32321ef1477af5cb5fdbbdf7bd0689736d54cde066e94e6bb5fba756?s=96&r=g\",\"caption\":\"alarna\"},\"sameAs\":[\"https:\\\/\\\/alarna.de\"],\"url\":\"https:\\\/\\\/alarna.de\\\/index.php\\\/author\\\/alarna\\\/\"}]}<\/script>\n<!-- \/ Yoast SEO plugin. -->","yoast_head_json":{"title":"Corona Tagebuch Tag 10 - Alarnas Welt","robots":{"index":"index","follow":"follow","max-snippet":"max-snippet:-1","max-image-preview":"max-image-preview:large","max-video-preview":"max-video-preview:-1"},"canonical":"https:\/\/alarna.de\/index.php\/2021\/01\/28\/corona-tagebuch-tag-10\/","og_locale":"de_DE","og_type":"article","og_title":"Corona Tagebuch Tag 10 - Alarnas Welt","og_url":"https:\/\/alarna.de\/index.php\/2021\/01\/28\/corona-tagebuch-tag-10\/","og_site_name":"Alarnas Welt","article_published_time":"2021-01-28T11:45:17+00:00","author":"alarna","twitter_card":"summary_large_image","twitter_misc":{"Verfasst von":"alarna","Gesch\u00e4tzte Lesezeit":"2\u00a0Minuten"},"schema":{"@context":"https:\/\/schema.org","@graph":[{"@type":"Article","@id":"https:\/\/alarna.de\/index.php\/2021\/01\/28\/corona-tagebuch-tag-10\/#article","isPartOf":{"@id":"https:\/\/alarna.de\/index.php\/2021\/01\/28\/corona-tagebuch-tag-10\/"},"author":{"name":"alarna","@id":"https:\/\/alarna.de\/#\/schema\/person\/2180e0411189fcda16f7566f6543c8c3"},"headline":"Corona Tagebuch Tag 10","datePublished":"2021-01-28T11:45:17+00:00","mainEntityOfPage":{"@id":"https:\/\/alarna.de\/index.php\/2021\/01\/28\/corona-tagebuch-tag-10\/"},"wordCount":405,"commentCount":0,"image":{"@id":"https:\/\/alarna.de\/index.php\/2021\/01\/28\/corona-tagebuch-tag-10\/#primaryimage"},"thumbnailUrl":"https:\/\/alarna.de\/wp-content\/uploads\/2021\/01\/corona-tagebuch-klein-1.jpg","keywords":["corona","covid-19","ichhattecorona","infiziert","tagebuch"],"articleSection":["Zweibeiner"],"inLanguage":"de","potentialAction":[{"@type":"CommentAction","name":"Comment","target":["https:\/\/alarna.de\/index.php\/2021\/01\/28\/corona-tagebuch-tag-10\/#respond"]}]},{"@type":"WebPage","@id":"https:\/\/alarna.de\/index.php\/2021\/01\/28\/corona-tagebuch-tag-10\/","url":"https:\/\/alarna.de\/index.php\/2021\/01\/28\/corona-tagebuch-tag-10\/","name":"Corona Tagebuch Tag 10 - Alarnas Welt","isPartOf":{"@id":"https:\/\/alarna.de\/#website"},"primaryImageOfPage":{"@id":"https:\/\/alarna.de\/index.php\/2021\/01\/28\/corona-tagebuch-tag-10\/#primaryimage"},"image":{"@id":"https:\/\/alarna.de\/index.php\/2021\/01\/28\/corona-tagebuch-tag-10\/#primaryimage"},"thumbnailUrl":"https:\/\/alarna.de\/wp-content\/uploads\/2021\/01\/corona-tagebuch-klein-1.jpg","datePublished":"2021-01-28T11:45:17+00:00","author":{"@id":"https:\/\/alarna.de\/#\/schema\/person\/2180e0411189fcda16f7566f6543c8c3"},"breadcrumb":{"@id":"https:\/\/alarna.de\/index.php\/2021\/01\/28\/corona-tagebuch-tag-10\/#breadcrumb"},"inLanguage":"de","potentialAction":[{"@type":"ReadAction","target":["https:\/\/alarna.de\/index.php\/2021\/01\/28\/corona-tagebuch-tag-10\/"]}]},{"@type":"ImageObject","inLanguage":"de","@id":"https:\/\/alarna.de\/index.php\/2021\/01\/28\/corona-tagebuch-tag-10\/#primaryimage","url":"https:\/\/alarna.de\/wp-content\/uploads\/2021\/01\/corona-tagebuch-klein-1.jpg","contentUrl":"https:\/\/alarna.de\/wp-content\/uploads\/2021\/01\/corona-tagebuch-klein-1.jpg","width":801,"height":600},{"@type":"BreadcrumbList","@id":"https:\/\/alarna.de\/index.php\/2021\/01\/28\/corona-tagebuch-tag-10\/#breadcrumb","itemListElement":[{"@type":"ListItem","position":1,"name":"Startseite","item":"https:\/\/alarna.de\/"},{"@type":"ListItem","position":2,"name":"Corona Tagebuch Tag 10"}]},{"@type":"WebSite","@id":"https:\/\/alarna.de\/#website","url":"https:\/\/alarna.de\/","name":"Alarnas Welt","description":"Tierisch viel los","potentialAction":[{"@type":"SearchAction","target":{"@type":"EntryPoint","urlTemplate":"https:\/\/alarna.de\/?s={search_term_string}"},"query-input":{"@type":"PropertyValueSpecification","valueRequired":true,"valueName":"search_term_string"}}],"inLanguage":"de"},{"@type":"Person","@id":"https:\/\/alarna.de\/#\/schema\/person\/2180e0411189fcda16f7566f6543c8c3","name":"alarna","image":{"@type":"ImageObject","inLanguage":"de","@id":"https:\/\/secure.gravatar.com\/avatar\/9691087f32321ef1477af5cb5fdbbdf7bd0689736d54cde066e94e6bb5fba756?s=96&r=g","url":"https:\/\/secure.gravatar.com\/avatar\/9691087f32321ef1477af5cb5fdbbdf7bd0689736d54cde066e94e6bb5fba756?s=96&r=g","contentUrl":"https:\/\/secure.gravatar.com\/avatar\/9691087f32321ef1477af5cb5fdbbdf7bd0689736d54cde066e94e6bb5fba756?s=96&r=g","caption":"alarna"},"sameAs":["https:\/\/alarna.de"],"url":"https:\/\/alarna.de\/index.php\/author\/alarna\/"}]}},"_links":{"self":[{"href":"https:\/\/alarna.de\/index.php\/wp-json\/wp\/v2\/posts\/520","targetHints":{"allow":["GET"]}}],"collection":[{"href":"https:\/\/alarna.de\/index.php\/wp-json\/wp\/v2\/posts"}],"about":[{"href":"https:\/\/alarna.de\/index.php\/wp-json\/wp\/v2\/types\/post"}],"author":[{"embeddable":true,"href":"https:\/\/alarna.de\/index.php\/wp-json\/wp\/v2\/users\/1"}],"replies":[{"embeddable":true,"href":"https:\/\/alarna.de\/index.php\/wp-json\/wp\/v2\/comments?post=520"}],"version-history":[{"count":0,"href":"https:\/\/alarna.de\/index.php\/wp-json\/wp\/v2\/posts\/520\/revisions"}],"wp:featuredmedia":[{"embeddable":true,"href":"https:\/\/alarna.de\/index.php\/wp-json\/wp\/v2\/media\/478"}],"wp:attachment":[{"href":"https:\/\/alarna.de\/index.php\/wp-json\/wp\/v2\/media?parent=520"}],"wp:term":[{"taxonomy":"category","embeddable":true,"href":"https:\/\/alarna.de\/index.php\/wp-json\/wp\/v2\/categories?post=520"},{"taxonomy":"post_tag","embeddable":true,"href":"https:\/\/alarna.de\/index.php\/wp-json\/wp\/v2\/tags?post=520"}],"curies":[{"name":"wp","href":"https:\/\/api.w.org\/{rel}","templated":true}]}}