{"id":498,"date":"2021-01-23T20:13:39","date_gmt":"2021-01-23T18:13:39","guid":{"rendered":"https:\/\/alarna.de\/?p=498"},"modified":"2021-01-23T20:13:39","modified_gmt":"2021-01-23T18:13:39","slug":"corona-tagebuch-tag-5-2","status":"publish","type":"post","link":"https:\/\/alarna.de\/index.php\/2021\/01\/23\/corona-tagebuch-tag-5-2\/","title":{"rendered":"Corona Tagebuch Tag 5"},"content":{"rendered":"\n<p>Rotwein, Chips plus interessantes Fernsehprogramm bescherten mir ganze 7 Stunden Schlaf am St\u00fcck. Das muss ich mir merken \ud83d\ude42<\/p>\n<p>Wieder sind Hals und Rachen staubtrocken und wund. Am CPAP Ger\u00e4t kann es nicht liegen, das habe ich aufgef\u00fcllt. Ungef\u00e4hr einmal pro Stunde huste ich jetzt, ein dumpfes Kratzen im Hals bringt mich dazu. Das w\u00e4re f\u00fcr eine normale Erk\u00e4ltung bei mir normal, erst kommt der Schnupfen &#8211; den ich hier nun gar nicht habe &#8211; dann Husten. Mit Corona habe ich nun keine Erfahrungen, kann also nicht sagen, ob hier irgendwas normal ist.<\/p>\n<p>Zum Fr\u00fchst\u00fcck also wieder dasselbe wie gestern. \u00dcbrigens enthalten Erdbeeren auch im getrockneten Zustand einen Inhaltsstoff, der die Bildung von Endorphinen f\u00f6rdert und gegen Kopfschmerzen und Entz\u00fcndungen hilft, deshalb nenne ich sie &#8222;Gl\u00fccklichmach-Obst&#8220;.<\/p>\n<p><!--more--><\/p>\n<p>Irgendwann klingelt das Telefon und das Jugendamt &#8211; Gesundheitsamt ist dran. Wer jetzt stutzt: So wie es aussieht, wurden Mitarbeiter aus anderen Abteilungen ins Gesundheitsamt gesteckt und jahrelange Gewohnheit l\u00e4sst sich nicht so schnell ablegen. Der nette Herr war vorher beim Jugendamt und muss mich jetzt befragen.<br>Die Antworten werden in ein Programm eingegeben, das von irgendwem zusammengeschustert wurde, weil es n\u00e4mlich Eingaben mal eben so &#8211; je nach Lust und Laune &#8211; verschwinden l\u00e4sst, so dass derselbe Kram mehrfach nachgefragt und eingegeben werden muss.<\/p>\n<p>Ich spreche dem Mitarbeiter mein Beileid aus und sage ihm, er soll sich beim Programmierer beschweren. Er meint das w\u00e4re l\u00e4ngst geschehen, bringe aber nichts.<br>Ich werde dann nach Haushaltsangeh\u00f6rigen befragt und teile ihm direkt und lakonisch mit, dass er gar nicht versuchen soll mir zu erz\u00e4hlen ich m\u00fcsse mich jetzt in einem Raum isolieren. Daf\u00fcr w\u00e4re die Wohnung nicht gro\u00df genug. Rein theoretisch w\u00fcrde das schon irgendwie klappen, aber dann m\u00fcsste einer von uns den ganzen Tag im Schlafzimmer verbringen, der andere im Wohnzimmer und wir m\u00fcssten dann telefonisch kl\u00e4ren, wer wann aufs Klo darf und wer wann welches Tier beherbergt.<\/p>\n<p><br>Ich halte das sowieso f\u00fcr Bl\u00f6dsinn. Wer krank ist und geschw\u00e4cht, braucht Hilfe und keine Isolation. Abgesehen davon ist man bereits 2 Tage vor Symptombeginn ansteckend, also wieso soll man sich dann noch isolieren? Angesteckt hat man dann eh schon alle.<\/p>\n<p>Allerdings wird mein Mann zwar in Quarant\u00e4ne gesteckt, er gilt aber nicht als Infiziert. So kann man Statistiken f\u00e4lschen. Wer einen Haushaltsangeh\u00f6rigen mit Corona hat, ist quasi automatisch infiziert, er wird nur nicht unbedingt krank. Es sei denn, man hat die Wohnung schon vorher in Zonen aufgeteilt, was man aber aufgrund der geringen Wahrscheinlichkeit vernachl\u00e4ssigen kann.<\/p>\n<p>Meine Auftraggeberin hat mit 116117 telefoniert. Dort teilte man ihr mit, solange sie keine Symptome zeige, k\u00f6nne sie ganz normal arbeiten und einkaufen und so weiter. Ja Leute, so werden wir der Infizierung nie Herr. Man ist 2 Tage vor Symptombeginn ansteckend, wer also Kontakt mit einem Infizierten hatte (sogar als Erstkontakt), kann fr\u00f6hlich Viren weiter verbreiten und wird auch nicht standardm\u00e4\u00dfig getestet. Da m\u00f6chte mein Kopf doch auf die Tischplatte.<\/p>\n<p>Mein Mann hat in der Zwischenzeit mit seinem Arbeitgeber gekl\u00e4rt, dass er fr\u00fchestens am 03. Februar wieder arbeiten darf. Seine Firma nimmt das mit der Quarant\u00e4ne ernst.<\/p>\n<p>Da es mir wieder gut geht und mein Mann daheim ist, r\u00e4umen wir kurzerhand das Arbeitszimmer um und bauen den neuen 3D Drucker dort auf. Das bedeutet viel Herumlaufen drau\u00dfen im Garten, dort im Gartenhaus haben wir noch eine alte TV Bank stehen, die daf\u00fcr sehr gut geeignet ist.<\/p>\n<p>Ich h\u00e4tte vielleicht eine Jacke anziehen sollen dabei, abends beginnt die Nase zu laufen und ich huste jetzt zweimal pro Stunden. So im Mittel. Ich bin auch ziemlich ersch\u00f6pft. Mein Mann sch\u00fcttelt nur den Kopf, er wei\u00df, dass er mich nicht bremsen kann und ich mir st\u00e4ndig zu viel zutraue.<\/p>\n<p>Da Rotwein plus Chips plus gute Folge so gut geholfen haben, wiederhole ich das Ganze. Jetzt auf meine Linie zu achten w\u00e4re albern.<\/p>\n<p>Fortsetzung <a href=\"https:\/\/alarna.de\/corona-tagebuch-tag-6\/\">hier<\/a><\/p>\n\n\n","protected":false},"excerpt":{"rendered":"","protected":false},"author":1,"featured_media":478,"comment_status":"open","ping_status":"closed","sticky":false,"template":"","format":"standard","meta":{"footnotes":""},"categories":[9],"tags":[22,24,64,120],"class_list":["post-498","post","type-post","status-publish","format-standard","has-post-thumbnail","hentry","category-things","tag-corona","tag-covid-19","tag-infiziert","tag-tagebuch"],"yoast_head":"<!-- This site is optimized with the Yoast SEO plugin v27.5 - https:\/\/yoast.com\/product\/yoast-seo-wordpress\/ -->\n<title>Corona Tagebuch Tag 5 - Alarnas Welt<\/title>\n<meta name=\"robots\" content=\"index, follow, max-snippet:-1, max-image-preview:large, max-video-preview:-1\" \/>\n<link rel=\"canonical\" href=\"https:\/\/alarna.de\/index.php\/2021\/01\/23\/corona-tagebuch-tag-5-2\/\" \/>\n<meta property=\"og:locale\" content=\"de_DE\" \/>\n<meta property=\"og:type\" content=\"article\" \/>\n<meta property=\"og:title\" content=\"Corona Tagebuch Tag 5 - Alarnas Welt\" \/>\n<meta property=\"og:url\" content=\"https:\/\/alarna.de\/index.php\/2021\/01\/23\/corona-tagebuch-tag-5-2\/\" \/>\n<meta property=\"og:site_name\" content=\"Alarnas Welt\" \/>\n<meta property=\"article:published_time\" content=\"2021-01-23T18:13:39+00:00\" \/>\n<meta name=\"author\" content=\"alarna\" \/>\n<meta name=\"twitter:card\" content=\"summary_large_image\" \/>\n<meta name=\"twitter:label1\" content=\"Verfasst von\" \/>\n\t<meta name=\"twitter:data1\" content=\"alarna\" \/>\n\t<meta name=\"twitter:label2\" content=\"Gesch\u00e4tzte Lesezeit\" \/>\n\t<meta name=\"twitter:data2\" content=\"3\u00a0Minuten\" \/>\n<script type=\"application\/ld+json\" class=\"yoast-schema-graph\">{\"@context\":\"https:\\\/\\\/schema.org\",\"@graph\":[{\"@type\":\"Article\",\"@id\":\"https:\\\/\\\/alarna.de\\\/index.php\\\/2021\\\/01\\\/23\\\/corona-tagebuch-tag-5-2\\\/#article\",\"isPartOf\":{\"@id\":\"https:\\\/\\\/alarna.de\\\/index.php\\\/2021\\\/01\\\/23\\\/corona-tagebuch-tag-5-2\\\/\"},\"author\":{\"name\":\"alarna\",\"@id\":\"https:\\\/\\\/alarna.de\\\/#\\\/schema\\\/person\\\/2180e0411189fcda16f7566f6543c8c3\"},\"headline\":\"Corona Tagebuch Tag 5\",\"datePublished\":\"2021-01-23T18:13:39+00:00\",\"mainEntityOfPage\":{\"@id\":\"https:\\\/\\\/alarna.de\\\/index.php\\\/2021\\\/01\\\/23\\\/corona-tagebuch-tag-5-2\\\/\"},\"wordCount\":677,\"commentCount\":0,\"image\":{\"@id\":\"https:\\\/\\\/alarna.de\\\/index.php\\\/2021\\\/01\\\/23\\\/corona-tagebuch-tag-5-2\\\/#primaryimage\"},\"thumbnailUrl\":\"https:\\\/\\\/alarna.de\\\/wp-content\\\/uploads\\\/2021\\\/01\\\/corona-tagebuch-klein-1.jpg\",\"keywords\":[\"corona\",\"covid-19\",\"infiziert\",\"tagebuch\"],\"articleSection\":[\"Zweibeiner\"],\"inLanguage\":\"de\",\"potentialAction\":[{\"@type\":\"CommentAction\",\"name\":\"Comment\",\"target\":[\"https:\\\/\\\/alarna.de\\\/index.php\\\/2021\\\/01\\\/23\\\/corona-tagebuch-tag-5-2\\\/#respond\"]}]},{\"@type\":\"WebPage\",\"@id\":\"https:\\\/\\\/alarna.de\\\/index.php\\\/2021\\\/01\\\/23\\\/corona-tagebuch-tag-5-2\\\/\",\"url\":\"https:\\\/\\\/alarna.de\\\/index.php\\\/2021\\\/01\\\/23\\\/corona-tagebuch-tag-5-2\\\/\",\"name\":\"Corona Tagebuch Tag 5 - Alarnas Welt\",\"isPartOf\":{\"@id\":\"https:\\\/\\\/alarna.de\\\/#website\"},\"primaryImageOfPage\":{\"@id\":\"https:\\\/\\\/alarna.de\\\/index.php\\\/2021\\\/01\\\/23\\\/corona-tagebuch-tag-5-2\\\/#primaryimage\"},\"image\":{\"@id\":\"https:\\\/\\\/alarna.de\\\/index.php\\\/2021\\\/01\\\/23\\\/corona-tagebuch-tag-5-2\\\/#primaryimage\"},\"thumbnailUrl\":\"https:\\\/\\\/alarna.de\\\/wp-content\\\/uploads\\\/2021\\\/01\\\/corona-tagebuch-klein-1.jpg\",\"datePublished\":\"2021-01-23T18:13:39+00:00\",\"author\":{\"@id\":\"https:\\\/\\\/alarna.de\\\/#\\\/schema\\\/person\\\/2180e0411189fcda16f7566f6543c8c3\"},\"breadcrumb\":{\"@id\":\"https:\\\/\\\/alarna.de\\\/index.php\\\/2021\\\/01\\\/23\\\/corona-tagebuch-tag-5-2\\\/#breadcrumb\"},\"inLanguage\":\"de\",\"potentialAction\":[{\"@type\":\"ReadAction\",\"target\":[\"https:\\\/\\\/alarna.de\\\/index.php\\\/2021\\\/01\\\/23\\\/corona-tagebuch-tag-5-2\\\/\"]}]},{\"@type\":\"ImageObject\",\"inLanguage\":\"de\",\"@id\":\"https:\\\/\\\/alarna.de\\\/index.php\\\/2021\\\/01\\\/23\\\/corona-tagebuch-tag-5-2\\\/#primaryimage\",\"url\":\"https:\\\/\\\/alarna.de\\\/wp-content\\\/uploads\\\/2021\\\/01\\\/corona-tagebuch-klein-1.jpg\",\"contentUrl\":\"https:\\\/\\\/alarna.de\\\/wp-content\\\/uploads\\\/2021\\\/01\\\/corona-tagebuch-klein-1.jpg\",\"width\":801,\"height\":600},{\"@type\":\"BreadcrumbList\",\"@id\":\"https:\\\/\\\/alarna.de\\\/index.php\\\/2021\\\/01\\\/23\\\/corona-tagebuch-tag-5-2\\\/#breadcrumb\",\"itemListElement\":[{\"@type\":\"ListItem\",\"position\":1,\"name\":\"Startseite\",\"item\":\"https:\\\/\\\/alarna.de\\\/\"},{\"@type\":\"ListItem\",\"position\":2,\"name\":\"Corona Tagebuch Tag 5\"}]},{\"@type\":\"WebSite\",\"@id\":\"https:\\\/\\\/alarna.de\\\/#website\",\"url\":\"https:\\\/\\\/alarna.de\\\/\",\"name\":\"Alarnas Welt\",\"description\":\"Tierisch viel los\",\"potentialAction\":[{\"@type\":\"SearchAction\",\"target\":{\"@type\":\"EntryPoint\",\"urlTemplate\":\"https:\\\/\\\/alarna.de\\\/?s={search_term_string}\"},\"query-input\":{\"@type\":\"PropertyValueSpecification\",\"valueRequired\":true,\"valueName\":\"search_term_string\"}}],\"inLanguage\":\"de\"},{\"@type\":\"Person\",\"@id\":\"https:\\\/\\\/alarna.de\\\/#\\\/schema\\\/person\\\/2180e0411189fcda16f7566f6543c8c3\",\"name\":\"alarna\",\"image\":{\"@type\":\"ImageObject\",\"inLanguage\":\"de\",\"@id\":\"https:\\\/\\\/secure.gravatar.com\\\/avatar\\\/9691087f32321ef1477af5cb5fdbbdf7bd0689736d54cde066e94e6bb5fba756?s=96&r=g\",\"url\":\"https:\\\/\\\/secure.gravatar.com\\\/avatar\\\/9691087f32321ef1477af5cb5fdbbdf7bd0689736d54cde066e94e6bb5fba756?s=96&r=g\",\"contentUrl\":\"https:\\\/\\\/secure.gravatar.com\\\/avatar\\\/9691087f32321ef1477af5cb5fdbbdf7bd0689736d54cde066e94e6bb5fba756?s=96&r=g\",\"caption\":\"alarna\"},\"sameAs\":[\"https:\\\/\\\/alarna.de\"],\"url\":\"https:\\\/\\\/alarna.de\\\/index.php\\\/author\\\/alarna\\\/\"}]}<\/script>\n<!-- \/ Yoast SEO plugin. -->","yoast_head_json":{"title":"Corona Tagebuch Tag 5 - Alarnas Welt","robots":{"index":"index","follow":"follow","max-snippet":"max-snippet:-1","max-image-preview":"max-image-preview:large","max-video-preview":"max-video-preview:-1"},"canonical":"https:\/\/alarna.de\/index.php\/2021\/01\/23\/corona-tagebuch-tag-5-2\/","og_locale":"de_DE","og_type":"article","og_title":"Corona Tagebuch Tag 5 - Alarnas Welt","og_url":"https:\/\/alarna.de\/index.php\/2021\/01\/23\/corona-tagebuch-tag-5-2\/","og_site_name":"Alarnas Welt","article_published_time":"2021-01-23T18:13:39+00:00","author":"alarna","twitter_card":"summary_large_image","twitter_misc":{"Verfasst von":"alarna","Gesch\u00e4tzte Lesezeit":"3\u00a0Minuten"},"schema":{"@context":"https:\/\/schema.org","@graph":[{"@type":"Article","@id":"https:\/\/alarna.de\/index.php\/2021\/01\/23\/corona-tagebuch-tag-5-2\/#article","isPartOf":{"@id":"https:\/\/alarna.de\/index.php\/2021\/01\/23\/corona-tagebuch-tag-5-2\/"},"author":{"name":"alarna","@id":"https:\/\/alarna.de\/#\/schema\/person\/2180e0411189fcda16f7566f6543c8c3"},"headline":"Corona Tagebuch Tag 5","datePublished":"2021-01-23T18:13:39+00:00","mainEntityOfPage":{"@id":"https:\/\/alarna.de\/index.php\/2021\/01\/23\/corona-tagebuch-tag-5-2\/"},"wordCount":677,"commentCount":0,"image":{"@id":"https:\/\/alarna.de\/index.php\/2021\/01\/23\/corona-tagebuch-tag-5-2\/#primaryimage"},"thumbnailUrl":"https:\/\/alarna.de\/wp-content\/uploads\/2021\/01\/corona-tagebuch-klein-1.jpg","keywords":["corona","covid-19","infiziert","tagebuch"],"articleSection":["Zweibeiner"],"inLanguage":"de","potentialAction":[{"@type":"CommentAction","name":"Comment","target":["https:\/\/alarna.de\/index.php\/2021\/01\/23\/corona-tagebuch-tag-5-2\/#respond"]}]},{"@type":"WebPage","@id":"https:\/\/alarna.de\/index.php\/2021\/01\/23\/corona-tagebuch-tag-5-2\/","url":"https:\/\/alarna.de\/index.php\/2021\/01\/23\/corona-tagebuch-tag-5-2\/","name":"Corona Tagebuch Tag 5 - Alarnas Welt","isPartOf":{"@id":"https:\/\/alarna.de\/#website"},"primaryImageOfPage":{"@id":"https:\/\/alarna.de\/index.php\/2021\/01\/23\/corona-tagebuch-tag-5-2\/#primaryimage"},"image":{"@id":"https:\/\/alarna.de\/index.php\/2021\/01\/23\/corona-tagebuch-tag-5-2\/#primaryimage"},"thumbnailUrl":"https:\/\/alarna.de\/wp-content\/uploads\/2021\/01\/corona-tagebuch-klein-1.jpg","datePublished":"2021-01-23T18:13:39+00:00","author":{"@id":"https:\/\/alarna.de\/#\/schema\/person\/2180e0411189fcda16f7566f6543c8c3"},"breadcrumb":{"@id":"https:\/\/alarna.de\/index.php\/2021\/01\/23\/corona-tagebuch-tag-5-2\/#breadcrumb"},"inLanguage":"de","potentialAction":[{"@type":"ReadAction","target":["https:\/\/alarna.de\/index.php\/2021\/01\/23\/corona-tagebuch-tag-5-2\/"]}]},{"@type":"ImageObject","inLanguage":"de","@id":"https:\/\/alarna.de\/index.php\/2021\/01\/23\/corona-tagebuch-tag-5-2\/#primaryimage","url":"https:\/\/alarna.de\/wp-content\/uploads\/2021\/01\/corona-tagebuch-klein-1.jpg","contentUrl":"https:\/\/alarna.de\/wp-content\/uploads\/2021\/01\/corona-tagebuch-klein-1.jpg","width":801,"height":600},{"@type":"BreadcrumbList","@id":"https:\/\/alarna.de\/index.php\/2021\/01\/23\/corona-tagebuch-tag-5-2\/#breadcrumb","itemListElement":[{"@type":"ListItem","position":1,"name":"Startseite","item":"https:\/\/alarna.de\/"},{"@type":"ListItem","position":2,"name":"Corona Tagebuch Tag 5"}]},{"@type":"WebSite","@id":"https:\/\/alarna.de\/#website","url":"https:\/\/alarna.de\/","name":"Alarnas Welt","description":"Tierisch viel los","potentialAction":[{"@type":"SearchAction","target":{"@type":"EntryPoint","urlTemplate":"https:\/\/alarna.de\/?s={search_term_string}"},"query-input":{"@type":"PropertyValueSpecification","valueRequired":true,"valueName":"search_term_string"}}],"inLanguage":"de"},{"@type":"Person","@id":"https:\/\/alarna.de\/#\/schema\/person\/2180e0411189fcda16f7566f6543c8c3","name":"alarna","image":{"@type":"ImageObject","inLanguage":"de","@id":"https:\/\/secure.gravatar.com\/avatar\/9691087f32321ef1477af5cb5fdbbdf7bd0689736d54cde066e94e6bb5fba756?s=96&r=g","url":"https:\/\/secure.gravatar.com\/avatar\/9691087f32321ef1477af5cb5fdbbdf7bd0689736d54cde066e94e6bb5fba756?s=96&r=g","contentUrl":"https:\/\/secure.gravatar.com\/avatar\/9691087f32321ef1477af5cb5fdbbdf7bd0689736d54cde066e94e6bb5fba756?s=96&r=g","caption":"alarna"},"sameAs":["https:\/\/alarna.de"],"url":"https:\/\/alarna.de\/index.php\/author\/alarna\/"}]}},"_links":{"self":[{"href":"https:\/\/alarna.de\/index.php\/wp-json\/wp\/v2\/posts\/498","targetHints":{"allow":["GET"]}}],"collection":[{"href":"https:\/\/alarna.de\/index.php\/wp-json\/wp\/v2\/posts"}],"about":[{"href":"https:\/\/alarna.de\/index.php\/wp-json\/wp\/v2\/types\/post"}],"author":[{"embeddable":true,"href":"https:\/\/alarna.de\/index.php\/wp-json\/wp\/v2\/users\/1"}],"replies":[{"embeddable":true,"href":"https:\/\/alarna.de\/index.php\/wp-json\/wp\/v2\/comments?post=498"}],"version-history":[{"count":0,"href":"https:\/\/alarna.de\/index.php\/wp-json\/wp\/v2\/posts\/498\/revisions"}],"wp:featuredmedia":[{"embeddable":true,"href":"https:\/\/alarna.de\/index.php\/wp-json\/wp\/v2\/media\/478"}],"wp:attachment":[{"href":"https:\/\/alarna.de\/index.php\/wp-json\/wp\/v2\/media?parent=498"}],"wp:term":[{"taxonomy":"category","embeddable":true,"href":"https:\/\/alarna.de\/index.php\/wp-json\/wp\/v2\/categories?post=498"},{"taxonomy":"post_tag","embeddable":true,"href":"https:\/\/alarna.de\/index.php\/wp-json\/wp\/v2\/tags?post=498"}],"curies":[{"name":"wp","href":"https:\/\/api.w.org\/{rel}","templated":true}]}}