{"id":481,"date":"2021-01-23T18:34:11","date_gmt":"2021-01-23T16:34:11","guid":{"rendered":"https:\/\/alarna.de\/?p=481"},"modified":"2021-01-23T18:34:11","modified_gmt":"2021-01-23T16:34:11","slug":"corona-tagebuch-tag-2","status":"publish","type":"post","link":"https:\/\/alarna.de\/index.php\/2021\/01\/23\/corona-tagebuch-tag-2\/","title":{"rendered":"Corona Tagebuch Tag 2"},"content":{"rendered":"\n<p>Die Nacht ist um und ich bin heilfroh. Mir tut einfach alles weh, aber langsam kommt die W\u00e4rme in meine Glieder zur\u00fcck, was irgendwie verr\u00fcckt klingt, weil ich ja immer noch Fieber habe. Allerdings ist die Temperatur auf 37,7 Grad gefallen.<\/p>\n<p>Ich telefoniere mit meiner Hausarztpraxis, sage, dass ich vermutlich infiziert bin und frage, was man dann eigentlich machen muss. Denn so ganz nebenbei: Wir haben einen Regelkatalog mit Verboten und Geboten, die man uns st\u00e4ndig vor die Nase h\u00e4lt, aber so einen Infizierten-Fahrschein gibt es nicht. Also : Infiziert &#8211; Anruf hier &#8211; Test dort etc.<\/p>\n<p>Die Assistentin nimmt die Beschwerden auf und teilt mir mit, der Doc w\u00fcrde mich zur\u00fcckrufen. Noch w\u00e4hrend ich fr\u00fchst\u00fccke, macht er das auch. Ich werde zur Infektionssprechstunde bestellt, 11:30 Uhr, nicht fr\u00fcher, nicht sp\u00e4ter, vor der T\u00fcr warten und klingeln. Mein Mann ist ungeheuer begeistert, dass er den Chauffeur spielen muss, aber mit Fieber will er mich nicht selbst fahren lassen und es bleibt ja noch etwas Zeit, gem\u00fctliches Fr\u00fchst\u00fccken ist drin. Ein Gl\u00fcck, dass er gerade Kurzarbeit hat. Kurz vor der Fahrt messe ich noch einmal meine Temperatur, danach wird garantiert gefragt und siehe da: 37,3 Grad.<!--more--><\/p>\n<p>Um 11:29 Uhr stehe ich beim Doc vor der Praxist\u00fcr und klingele. Die Arzthelferin kommt heraus, schickt mich um das Haus zu einer anderen T\u00fcr, an der ich wieder klingeln soll. Das mache ich auch brav, dort holt mich der Doc pers\u00f6nlich ab und f\u00fchrt mich durch die Hintert\u00fcr ins Sprechzimmer. Das Meiste wei\u00df er ja schon, fragt noch andere Sachen ab (unter anderem die Temperatur, yeah, ich bin vorbereitet) und schreibt mich dann krank und stellt mich unter Quarant\u00e4ne. Er macht einen Rachenabstrich, wir brauchen 3 Anl\u00e4ufe, weil ich st\u00e4ndig dabei w\u00fcrgen muss, aber er ist wirklich vorsichtig und macht es im Stehen. Wenn es mir zu viel wird, kann ich r\u00fcckw\u00e4rts gehen und stoppen. Das macht die Sache f\u00fcr mich ertr\u00e4glich. Ich bekomme dann noch ein Informationsblatt und die Mitteilung, dass sich das Gesundheitsamt bei mir melden wird und ich auf jeden Fall anrufen soll, wenn es schlimmer wird.<\/p>\n<p>An dieser Stelle muss ich mein Tagebuch mal unterbrechen und ein Lob an die Arztpraxis Br\u00f6\u00dfe &#8211; Thelen in Dabendorf aussprechen. Die Organisation dort ist Eins A. Kein Infizierter kommt durch das Wartezimmer oder den Bereich, in dem andere Patienten sind. Das Risiko, sich dort anzustecken ist nahezu bei Null. Ich sage Nahezu, weil irgendwas ist ja immer. Der Teufel ist ein Eichh\u00f6rnchen mit einem verdammt buschigen Schwanz &#8211; wie man so sch\u00f6n sagt.<\/p>\n<p>Aber nicht nur die Organisation ist sehr gut, auch der Umgang mit den Infizierten. Ich habe die schaurigsten Berichte von anderen Praxen geh\u00f6rt, \u00fcber die Weigerung einen Infizierten \u00fcberhaupt in die Praxis zu lassen und dergleichen mehr. Zutritt nur mit Negativtest, Tests werden gar nicht gemacht etc. pp. Insofern kann ich die Praxis nur empfehlen!<\/p>\n<p>Zur\u00fcck zum Bericht.<\/p>\n<p>Ich komme wieder nach Hause und lege mich erst einmal auf die Couch. Ich bin fix und alle. Klar, Fieber, kaum geschlafen. In meinem K\u00f6rper tobt ein Krieg und das sp\u00fcre ich sehr deutlich. Ich bin furchtbar schlapp und habe Kopf- und R\u00fcckenschmerzen, gl\u00fccklicherweise sind die Kopfschmerzen nicht mehr ganz so stark.<\/p>\n<p>Mittags gibt es H\u00fchnersuppe mit Eierstich, meine ganz pers\u00f6nliche Medikation f\u00fcr jedwede Art von Erk\u00e4ltung. Aber richtige H\u00fchnersuppe, selbst gemachte, nicht dieses T\u00fctenzeug, in dem nicht mal Huhn drin ist. Zum satt werden kommen noch japanische Nudeln rein und f\u00fcr die Aufmunterung meines K\u00f6rpers ein paar gr\u00f6\u00dfere Spritzer Tabasco.<\/p>\n<p>Anschlie\u00dfend ist mir warm. Endlich \ud83d\ude42<\/p>\n<p>Den Tag verbringe ich vor dem Fernseher, sehe zu, wie meine Temperatur auf 37,1 Grad sinkt und denke, das Schlimmste habe ich \u00fcberstanden.<\/p>\n<p>Fortsetzung <a href=\"https:\/\/alarna.de\/corona-tagebuch-tag-3\/\">hier<\/a><\/p>\n\n\n","protected":false},"excerpt":{"rendered":"","protected":false},"author":1,"featured_media":478,"comment_status":"open","ping_status":"closed","sticky":false,"template":"","format":"standard","meta":{"footnotes":""},"categories":[9],"tags":[22,24,64,120],"class_list":["post-481","post","type-post","status-publish","format-standard","has-post-thumbnail","hentry","category-things","tag-corona","tag-covid-19","tag-infiziert","tag-tagebuch"],"yoast_head":"<!-- This site is optimized with the Yoast SEO plugin v27.4 - https:\/\/yoast.com\/product\/yoast-seo-wordpress\/ -->\n<title>Corona Tagebuch Tag 2 - Alarnas Welt<\/title>\n<meta name=\"robots\" content=\"index, follow, max-snippet:-1, max-image-preview:large, max-video-preview:-1\" \/>\n<link rel=\"canonical\" href=\"https:\/\/alarna.de\/index.php\/2021\/01\/23\/corona-tagebuch-tag-2\/\" \/>\n<meta property=\"og:locale\" content=\"de_DE\" \/>\n<meta property=\"og:type\" content=\"article\" \/>\n<meta property=\"og:title\" content=\"Corona Tagebuch Tag 2 - Alarnas Welt\" \/>\n<meta property=\"og:url\" content=\"https:\/\/alarna.de\/index.php\/2021\/01\/23\/corona-tagebuch-tag-2\/\" \/>\n<meta property=\"og:site_name\" content=\"Alarnas Welt\" \/>\n<meta property=\"article:published_time\" content=\"2021-01-23T16:34:11+00:00\" \/>\n<meta name=\"author\" content=\"alarna\" \/>\n<meta name=\"twitter:card\" content=\"summary_large_image\" \/>\n<meta name=\"twitter:label1\" content=\"Verfasst von\" \/>\n\t<meta name=\"twitter:data1\" content=\"alarna\" \/>\n\t<meta name=\"twitter:label2\" content=\"Gesch\u00e4tzte Lesezeit\" \/>\n\t<meta name=\"twitter:data2\" content=\"3\u00a0Minuten\" \/>\n<script type=\"application\/ld+json\" class=\"yoast-schema-graph\">{\"@context\":\"https:\\\/\\\/schema.org\",\"@graph\":[{\"@type\":\"Article\",\"@id\":\"https:\\\/\\\/alarna.de\\\/index.php\\\/2021\\\/01\\\/23\\\/corona-tagebuch-tag-2\\\/#article\",\"isPartOf\":{\"@id\":\"https:\\\/\\\/alarna.de\\\/index.php\\\/2021\\\/01\\\/23\\\/corona-tagebuch-tag-2\\\/\"},\"author\":{\"name\":\"alarna\",\"@id\":\"https:\\\/\\\/alarna.de\\\/#\\\/schema\\\/person\\\/2180e0411189fcda16f7566f6543c8c3\"},\"headline\":\"Corona Tagebuch Tag 2\",\"datePublished\":\"2021-01-23T16:34:11+00:00\",\"mainEntityOfPage\":{\"@id\":\"https:\\\/\\\/alarna.de\\\/index.php\\\/2021\\\/01\\\/23\\\/corona-tagebuch-tag-2\\\/\"},\"wordCount\":654,\"commentCount\":0,\"image\":{\"@id\":\"https:\\\/\\\/alarna.de\\\/index.php\\\/2021\\\/01\\\/23\\\/corona-tagebuch-tag-2\\\/#primaryimage\"},\"thumbnailUrl\":\"https:\\\/\\\/alarna.de\\\/wp-content\\\/uploads\\\/2021\\\/01\\\/corona-tagebuch-klein-1.jpg\",\"keywords\":[\"corona\",\"covid-19\",\"infiziert\",\"tagebuch\"],\"articleSection\":[\"Zweibeiner\"],\"inLanguage\":\"de\",\"potentialAction\":[{\"@type\":\"CommentAction\",\"name\":\"Comment\",\"target\":[\"https:\\\/\\\/alarna.de\\\/index.php\\\/2021\\\/01\\\/23\\\/corona-tagebuch-tag-2\\\/#respond\"]}]},{\"@type\":\"WebPage\",\"@id\":\"https:\\\/\\\/alarna.de\\\/index.php\\\/2021\\\/01\\\/23\\\/corona-tagebuch-tag-2\\\/\",\"url\":\"https:\\\/\\\/alarna.de\\\/index.php\\\/2021\\\/01\\\/23\\\/corona-tagebuch-tag-2\\\/\",\"name\":\"Corona Tagebuch Tag 2 - Alarnas Welt\",\"isPartOf\":{\"@id\":\"https:\\\/\\\/alarna.de\\\/#website\"},\"primaryImageOfPage\":{\"@id\":\"https:\\\/\\\/alarna.de\\\/index.php\\\/2021\\\/01\\\/23\\\/corona-tagebuch-tag-2\\\/#primaryimage\"},\"image\":{\"@id\":\"https:\\\/\\\/alarna.de\\\/index.php\\\/2021\\\/01\\\/23\\\/corona-tagebuch-tag-2\\\/#primaryimage\"},\"thumbnailUrl\":\"https:\\\/\\\/alarna.de\\\/wp-content\\\/uploads\\\/2021\\\/01\\\/corona-tagebuch-klein-1.jpg\",\"datePublished\":\"2021-01-23T16:34:11+00:00\",\"author\":{\"@id\":\"https:\\\/\\\/alarna.de\\\/#\\\/schema\\\/person\\\/2180e0411189fcda16f7566f6543c8c3\"},\"breadcrumb\":{\"@id\":\"https:\\\/\\\/alarna.de\\\/index.php\\\/2021\\\/01\\\/23\\\/corona-tagebuch-tag-2\\\/#breadcrumb\"},\"inLanguage\":\"de\",\"potentialAction\":[{\"@type\":\"ReadAction\",\"target\":[\"https:\\\/\\\/alarna.de\\\/index.php\\\/2021\\\/01\\\/23\\\/corona-tagebuch-tag-2\\\/\"]}]},{\"@type\":\"ImageObject\",\"inLanguage\":\"de\",\"@id\":\"https:\\\/\\\/alarna.de\\\/index.php\\\/2021\\\/01\\\/23\\\/corona-tagebuch-tag-2\\\/#primaryimage\",\"url\":\"https:\\\/\\\/alarna.de\\\/wp-content\\\/uploads\\\/2021\\\/01\\\/corona-tagebuch-klein-1.jpg\",\"contentUrl\":\"https:\\\/\\\/alarna.de\\\/wp-content\\\/uploads\\\/2021\\\/01\\\/corona-tagebuch-klein-1.jpg\",\"width\":801,\"height\":600},{\"@type\":\"BreadcrumbList\",\"@id\":\"https:\\\/\\\/alarna.de\\\/index.php\\\/2021\\\/01\\\/23\\\/corona-tagebuch-tag-2\\\/#breadcrumb\",\"itemListElement\":[{\"@type\":\"ListItem\",\"position\":1,\"name\":\"Startseite\",\"item\":\"https:\\\/\\\/alarna.de\\\/\"},{\"@type\":\"ListItem\",\"position\":2,\"name\":\"Corona Tagebuch Tag 2\"}]},{\"@type\":\"WebSite\",\"@id\":\"https:\\\/\\\/alarna.de\\\/#website\",\"url\":\"https:\\\/\\\/alarna.de\\\/\",\"name\":\"Alarnas Welt\",\"description\":\"Tierisch viel los\",\"potentialAction\":[{\"@type\":\"SearchAction\",\"target\":{\"@type\":\"EntryPoint\",\"urlTemplate\":\"https:\\\/\\\/alarna.de\\\/?s={search_term_string}\"},\"query-input\":{\"@type\":\"PropertyValueSpecification\",\"valueRequired\":true,\"valueName\":\"search_term_string\"}}],\"inLanguage\":\"de\"},{\"@type\":\"Person\",\"@id\":\"https:\\\/\\\/alarna.de\\\/#\\\/schema\\\/person\\\/2180e0411189fcda16f7566f6543c8c3\",\"name\":\"alarna\",\"image\":{\"@type\":\"ImageObject\",\"inLanguage\":\"de\",\"@id\":\"https:\\\/\\\/secure.gravatar.com\\\/avatar\\\/9691087f32321ef1477af5cb5fdbbdf7bd0689736d54cde066e94e6bb5fba756?s=96&r=g\",\"url\":\"https:\\\/\\\/secure.gravatar.com\\\/avatar\\\/9691087f32321ef1477af5cb5fdbbdf7bd0689736d54cde066e94e6bb5fba756?s=96&r=g\",\"contentUrl\":\"https:\\\/\\\/secure.gravatar.com\\\/avatar\\\/9691087f32321ef1477af5cb5fdbbdf7bd0689736d54cde066e94e6bb5fba756?s=96&r=g\",\"caption\":\"alarna\"},\"sameAs\":[\"https:\\\/\\\/alarna.de\"],\"url\":\"https:\\\/\\\/alarna.de\\\/index.php\\\/author\\\/alarna\\\/\"}]}<\/script>\n<!-- \/ Yoast SEO plugin. -->","yoast_head_json":{"title":"Corona Tagebuch Tag 2 - Alarnas Welt","robots":{"index":"index","follow":"follow","max-snippet":"max-snippet:-1","max-image-preview":"max-image-preview:large","max-video-preview":"max-video-preview:-1"},"canonical":"https:\/\/alarna.de\/index.php\/2021\/01\/23\/corona-tagebuch-tag-2\/","og_locale":"de_DE","og_type":"article","og_title":"Corona Tagebuch Tag 2 - Alarnas Welt","og_url":"https:\/\/alarna.de\/index.php\/2021\/01\/23\/corona-tagebuch-tag-2\/","og_site_name":"Alarnas Welt","article_published_time":"2021-01-23T16:34:11+00:00","author":"alarna","twitter_card":"summary_large_image","twitter_misc":{"Verfasst von":"alarna","Gesch\u00e4tzte Lesezeit":"3\u00a0Minuten"},"schema":{"@context":"https:\/\/schema.org","@graph":[{"@type":"Article","@id":"https:\/\/alarna.de\/index.php\/2021\/01\/23\/corona-tagebuch-tag-2\/#article","isPartOf":{"@id":"https:\/\/alarna.de\/index.php\/2021\/01\/23\/corona-tagebuch-tag-2\/"},"author":{"name":"alarna","@id":"https:\/\/alarna.de\/#\/schema\/person\/2180e0411189fcda16f7566f6543c8c3"},"headline":"Corona Tagebuch Tag 2","datePublished":"2021-01-23T16:34:11+00:00","mainEntityOfPage":{"@id":"https:\/\/alarna.de\/index.php\/2021\/01\/23\/corona-tagebuch-tag-2\/"},"wordCount":654,"commentCount":0,"image":{"@id":"https:\/\/alarna.de\/index.php\/2021\/01\/23\/corona-tagebuch-tag-2\/#primaryimage"},"thumbnailUrl":"https:\/\/alarna.de\/wp-content\/uploads\/2021\/01\/corona-tagebuch-klein-1.jpg","keywords":["corona","covid-19","infiziert","tagebuch"],"articleSection":["Zweibeiner"],"inLanguage":"de","potentialAction":[{"@type":"CommentAction","name":"Comment","target":["https:\/\/alarna.de\/index.php\/2021\/01\/23\/corona-tagebuch-tag-2\/#respond"]}]},{"@type":"WebPage","@id":"https:\/\/alarna.de\/index.php\/2021\/01\/23\/corona-tagebuch-tag-2\/","url":"https:\/\/alarna.de\/index.php\/2021\/01\/23\/corona-tagebuch-tag-2\/","name":"Corona Tagebuch Tag 2 - Alarnas Welt","isPartOf":{"@id":"https:\/\/alarna.de\/#website"},"primaryImageOfPage":{"@id":"https:\/\/alarna.de\/index.php\/2021\/01\/23\/corona-tagebuch-tag-2\/#primaryimage"},"image":{"@id":"https:\/\/alarna.de\/index.php\/2021\/01\/23\/corona-tagebuch-tag-2\/#primaryimage"},"thumbnailUrl":"https:\/\/alarna.de\/wp-content\/uploads\/2021\/01\/corona-tagebuch-klein-1.jpg","datePublished":"2021-01-23T16:34:11+00:00","author":{"@id":"https:\/\/alarna.de\/#\/schema\/person\/2180e0411189fcda16f7566f6543c8c3"},"breadcrumb":{"@id":"https:\/\/alarna.de\/index.php\/2021\/01\/23\/corona-tagebuch-tag-2\/#breadcrumb"},"inLanguage":"de","potentialAction":[{"@type":"ReadAction","target":["https:\/\/alarna.de\/index.php\/2021\/01\/23\/corona-tagebuch-tag-2\/"]}]},{"@type":"ImageObject","inLanguage":"de","@id":"https:\/\/alarna.de\/index.php\/2021\/01\/23\/corona-tagebuch-tag-2\/#primaryimage","url":"https:\/\/alarna.de\/wp-content\/uploads\/2021\/01\/corona-tagebuch-klein-1.jpg","contentUrl":"https:\/\/alarna.de\/wp-content\/uploads\/2021\/01\/corona-tagebuch-klein-1.jpg","width":801,"height":600},{"@type":"BreadcrumbList","@id":"https:\/\/alarna.de\/index.php\/2021\/01\/23\/corona-tagebuch-tag-2\/#breadcrumb","itemListElement":[{"@type":"ListItem","position":1,"name":"Startseite","item":"https:\/\/alarna.de\/"},{"@type":"ListItem","position":2,"name":"Corona Tagebuch Tag 2"}]},{"@type":"WebSite","@id":"https:\/\/alarna.de\/#website","url":"https:\/\/alarna.de\/","name":"Alarnas Welt","description":"Tierisch viel los","potentialAction":[{"@type":"SearchAction","target":{"@type":"EntryPoint","urlTemplate":"https:\/\/alarna.de\/?s={search_term_string}"},"query-input":{"@type":"PropertyValueSpecification","valueRequired":true,"valueName":"search_term_string"}}],"inLanguage":"de"},{"@type":"Person","@id":"https:\/\/alarna.de\/#\/schema\/person\/2180e0411189fcda16f7566f6543c8c3","name":"alarna","image":{"@type":"ImageObject","inLanguage":"de","@id":"https:\/\/secure.gravatar.com\/avatar\/9691087f32321ef1477af5cb5fdbbdf7bd0689736d54cde066e94e6bb5fba756?s=96&r=g","url":"https:\/\/secure.gravatar.com\/avatar\/9691087f32321ef1477af5cb5fdbbdf7bd0689736d54cde066e94e6bb5fba756?s=96&r=g","contentUrl":"https:\/\/secure.gravatar.com\/avatar\/9691087f32321ef1477af5cb5fdbbdf7bd0689736d54cde066e94e6bb5fba756?s=96&r=g","caption":"alarna"},"sameAs":["https:\/\/alarna.de"],"url":"https:\/\/alarna.de\/index.php\/author\/alarna\/"}]}},"_links":{"self":[{"href":"https:\/\/alarna.de\/index.php\/wp-json\/wp\/v2\/posts\/481","targetHints":{"allow":["GET"]}}],"collection":[{"href":"https:\/\/alarna.de\/index.php\/wp-json\/wp\/v2\/posts"}],"about":[{"href":"https:\/\/alarna.de\/index.php\/wp-json\/wp\/v2\/types\/post"}],"author":[{"embeddable":true,"href":"https:\/\/alarna.de\/index.php\/wp-json\/wp\/v2\/users\/1"}],"replies":[{"embeddable":true,"href":"https:\/\/alarna.de\/index.php\/wp-json\/wp\/v2\/comments?post=481"}],"version-history":[{"count":0,"href":"https:\/\/alarna.de\/index.php\/wp-json\/wp\/v2\/posts\/481\/revisions"}],"wp:featuredmedia":[{"embeddable":true,"href":"https:\/\/alarna.de\/index.php\/wp-json\/wp\/v2\/media\/478"}],"wp:attachment":[{"href":"https:\/\/alarna.de\/index.php\/wp-json\/wp\/v2\/media?parent=481"}],"wp:term":[{"taxonomy":"category","embeddable":true,"href":"https:\/\/alarna.de\/index.php\/wp-json\/wp\/v2\/categories?post=481"},{"taxonomy":"post_tag","embeddable":true,"href":"https:\/\/alarna.de\/index.php\/wp-json\/wp\/v2\/tags?post=481"}],"curies":[{"name":"wp","href":"https:\/\/api.w.org\/{rel}","templated":true}]}}