{"id":379,"date":"2020-09-02T16:15:04","date_gmt":"2020-09-02T14:15:04","guid":{"rendered":"https:\/\/alarna.de\/?p=379"},"modified":"2020-09-02T16:15:04","modified_gmt":"2020-09-02T14:15:04","slug":"sichere-welt","status":"publish","type":"post","link":"https:\/\/alarna.de\/index.php\/2020\/09\/02\/sichere-welt\/","title":{"rendered":"Die Welt ist ein sicherer Ort"},"content":{"rendered":"\n<p>Ich bin einer von viel zu vielen Menschen, die in ihrem Leben mehrfach traumatisiert wurden. Durch Gewalt in k\u00f6rperlicher und\/oder verbaler Form. Daher nahm ich vor einigen Jahren an einer Studie teil, in der eine Therapieform f\u00fcr Traumapatienten erforscht wurde.<\/p>\n<p>Die Therapie bestand haupts\u00e4chlich darin, dass man zigtausend Zettel ausf\u00fcllte, in denen man seine eigenen \u00dcberzeugungen hinterfragen sollte. Ich musste Fragen beantworten und tat dies, aber die Antworten gefielen meiner Therapeutin nicht. Sie meinte, ich nutze diese Frageb\u00f6gen, um meine destruktive Einstellung zu best\u00e4tigen.<\/p>\n<p>&#8222;Die Welt ist ein sicherer Ort und die Wahrscheinlichkeit, dass Ihnen in Zukunft etwas passiert, liegt bei ungef\u00e4hr 0%.&#8220;<\/p>\n<p>Errechnet hatte sie dies anhand der Zahlen, die ich ihr nennen musste&nbsp; &#8211; also wie oft wurden sie verbal oder k\u00f6rperlich angegriffen oder erlitten anderweitige Traumata. Dann teilte sie mein Alter durch die Anzahl der Vorkommnisse und kam dann auf ihr &#8222;ungef\u00e4hr 0%&#8220; Ergebnis.<\/p>\n<p>Ich habe sie gefragt, ob sie eigentlich nie Nachrichten sieht. Ich denke diese Frau lebt in einem Wolkenkuckucksheim. Echt.<\/p>\n<p>Mal ganz davon abgesehen, dass es \u00fcberall auf der Welt Kriege gibt, das Qu\u00e4len und Foltern von Tieren zunimmt, die Dummheit der Menschheit tats\u00e4chlich unendlich ist und das Klima und vielleicht Corona uns alle ausmerzt, ist die Welt doch wirklich ein furchtbar sicherer Ort&#8230;.<\/p>\n<p>Vor zwei N\u00e4chten durfte ich das auch wieder erfahren. Die Wahrscheinlichkeit von ungef\u00e4hr 0% schlug wieder zu. Um 3:46 Uhr mitten in der Nacht begann unser Hund zu bellen. Das macht er normalerweise nicht. Wenn er tats\u00e4chlich nachts nochmal raus muss, steht er an meinem Bett, direkt am Ohr und wufft einmal kurz und laut hinein. Das reicht.<\/p>\n<p>Im Halbschlaf habe ich erst einmal nicht darauf reagiert, da ich dachte mein Mann sei bereits f\u00fcr die Fr\u00fchschicht aufgestanden und w\u00fcrde auf den Hund schon reagieren. Aber ich h\u00f6rte pl\u00f6tzlich, wie er aus dem Bett aufstand. Selbst da war ich nur verwundert, wollte aber weiterschlafen.<\/p>\n<p>Kurz darauf h\u00f6rte ich den Besten aller Ehem\u00e4nner laut &#8222;He!&#8220; schreien und riss mir die Schlafmaske vom Kopf (ich leide unter Schlaf-Apnoe) und sprang aus dem Bett. Ich dachte, es w\u00e4re mal wieder eine fremde Katze hereingekommen und der Hund mit ihr besch\u00e4ftigt. Er versucht die immer zu verscheuchen, da unser Haus das Revier unserer eigenen Katzen ist und er das sehr eng sieht.<\/p>\n<p>Statt dessen teilte mir mein M\u00e4nne aber mit, dass er gerade einen fremden Mann aus dem Flur verscheucht hatte, der in meiner Umh\u00e4ngetasche gew\u00fchlt hatte. Erkannt hat er nichts, er trug noch keine Brille auf der Nase und so war &#8222;gro\u00df, schlank, grauer Kapuzenpulli&#8220; das Einzige, was er als Beschreibung liefern konnte.<\/p>\n<p>Ich warf mir ein Kleid \u00fcber, setzte meine eigene Brille auf, schnappte mir ein Messer und den Hausschl\u00fcssel und lief hinaus. Unser Tor war aufgehebelt worden und stand offen. Ich lief noch auf die Stra\u00dfe, schaute nach, ob bei Nachbars alles in Ordnung war. Die beiden sind \u00fcber 80 und ich bef\u00fcrchtete, da w\u00e4re auch etwas passiert &#8211; aber zum Gl\u00fcck war alles ruhig.<\/p>\n<p>Ich wei\u00df immer noch nicht, wieso ich diese Reaktion hatte, es ist im Grunde v\u00f6llig illusorisch zu denken, ich h\u00e4tte &#8211; selbst mit Messer &#8211; einem ausgewachsenen Mann etwas entgegenzusetzen. Ich habe nicht nachgedacht, nur reagiert.<\/p>\n<p>Nachdem ich das Tor wieder verschlossen hatte &#8211; unsere Hunde h\u00e4tten das sonst als Einladung betrachtet &#8211; ging ich wieder hinein und rief die Polizei an. Geklaut wurde zwar nichts, aber sie mussten Bescheid wissen, denn selten bricht jemand nur einmal irgendwo ein und l\u00e4sst es dann.<\/p>\n<p>Zehn Minuten sp\u00e4ter war der erste Streifenwagen da, nahm alles auf w\u00e4hrend der zweite Streifenwagen die Umgebung absuchte.<\/p>\n<p>Nachdem alle Formalit\u00e4ten erledigt waren, fuhren die Polizisten wieder weg und mein Mann fuhr zur Arbeit. Und jetzt, nachdem alles vorbei war, ich alle Fenster verrammelt und die Haust\u00fcr verschlossen hatte, kam der Schock durch. Mir wurde eiskalt, ich zitterte und musste mit Wintersachen ins Bett, 3 Decken \u00fcber mir. es dauerte ewig, bis mir ansatzweise warm wurde und das Zittern aufh\u00f6rte. Bei jedem Ger\u00e4usch schreckte ich hoch.<\/p>\n<p>Die Welt ist ja ein so sicherer Ort&#8230;.<\/p>\n<p>Wir beide sind geschockt, der Einzige, der profitiert hatte von dem Einbruch war unser Hund, der mit Leckerchen und Lob \u00fcbersch\u00fcttet wurde und \u00fcberhaupt keine Ahnung hatte, was er denn so gut gemacht hatte. Die Leckerchen nahm er trotzdem.<\/p>\n<p>Als ich wieder halbwegs klar denken konnte, dachten wir nach, wie wir unser Haus sicherer machen k\u00f6nnten. Immer geschlossene Fenster geht gar nicht, es hei\u00dft zwar, es w\u00e4re noch niemand erstunken, aber schon viele erfroren, aber frische Luft ist etwas, auf das ich nicht verzichten will.<\/p>\n<p>Also was tun, sprach Zeus. Die Wahrscheinlichkeit, dass ein Blitz zweimal an derselben Stelle einschl\u00e4gt, ist zwar gering, aber die Welt ist ja angeblich auch ein sicherer Ort.<\/p>\n<p>Die erste Entscheidung war leicht. Eine Kamera muss her, die den Eingang bzw. die Einfahrt bewacht. So bekommt man dann sch\u00f6ne Bilder vom T\u00e4ter, den wir ja sonst nicht beschreiben k\u00f6nnen. Ohne Brille, blind wie zwei Maulw\u00fcrfe.<\/p>\n<p>Allerdings sollte die ganze Sache nicht unser Budget sprengen, dass wir gerade sehr ausreizen, da wir eine Photovoltaik-Anlage auf das Dach bekommen. Solche Sachen passieren ja immer zur Unzeit.<\/p>\n<p>Wir dachten dann an eine Wildkamera mit unsichtbarem Blitz, die keine Tiere erschreckt und uns auch zeigt, was sich so an Vierbeinern auf unserem Grundst\u00fcck tummelt.<img loading=\"lazy\" decoding=\"async\" src=\"\/\/ir-de.amazon-adsystem.com\/e\/ir?t=alarna1405-21&amp;l=am2&amp;o=3&amp;a=B07H91X1QC\" alt=\"\" width=\"1\" height=\"1\" border=\"0\"><\/p>\n<p>Dann machten wir uns Gedanken um die Fenster. Wie verhindert man ein Eindringen durch Fenster? Die traurige Antwort ist: Kann man nicht.<\/p>\n<p>Das Einzige, was man machen kann, ist das Eindringen zu erschweren bzw. zu verz\u00f6gern. Je l\u00e4nger es dauert ein Fenster zu \u00f6ffnen, umso eher ist man alarmiert oder der T\u00e4ter gibt auf.<\/p>\n<p>Bei geschlossenen Fenstern scheinen Einbrecher drei Methoden zu favorisieren:<\/p>\n<ol>\n<li>Das Fenster einfach aushebeln. Das geht laut einem Video eines Fensterherstellers in Minutenschnelle. Egal ob verriegelt oder nicht. Allerdings macht das Krach und man braucht st\u00e4rkeres Werkzeug.<\/li>\n<li>Glas aufschneiden und den Fensterhebel drehen. Macht keinen Krach, man braucht nur Glasschneider.<\/li>\n<li>Gekipptes Fenster: Reingreifen, Fensterhebel drehen. Ohne Werkzeug, ohne Krach.<\/li>\n<\/ol>\n<p>Da wir gekippte Fenster bevorzugen, w\u00fcrde also ein abschlie\u00dfbarer Fenstergriff die Sache erschweren und unser Hund h\u00e4tte Gelegenheit uns aus dem Bett zu jagen.<\/p>\n<p>Es gibt diverse Fenstergriffe, die alle versprechen kindersicher zu sein und einbruchssicher. Wie wir jedoch erfahren haben, ist einbruchssicher ein Versprechen, dass keiner davon halten kann. Die beste Variante ist ein Fenstergriff mit Alarm, aber der kostet dann auch. Wenn man 10 Fenstergriffe braucht, ist ein Preis von 70 Euro pro Griff ganz sch\u00f6n hoch.<img loading=\"lazy\" decoding=\"async\" src=\"\/\/ir-de.amazon-adsystem.com\/e\/ir?t=alarna1405-21&amp;l=am2&amp;o=3&amp;a=B01CR428EM\" alt=\"\" width=\"1\" height=\"1\" border=\"0\"><\/p>\n<p>Unser zweifl\u00fcgeliges Tor ist nat\u00fcrlich auch ein Problem. Man kann zwar abschlie\u00dfen, aber wenn man eine Seite aushebelt, dann kann man das umgehen.<\/p>\n<p>Es gibt wohl drei Stufen zur Einbruchs-Erschwerung. Stufe 1 ist leichter Schutz, der T\u00e4ter kann nicht mal eben so arbeiten und braucht leichtes Werkzeug. Stufe 2 ist mittlerer Schutz, hier dauert es l\u00e4nger (ca. 3 Minuten), bis der T\u00e4ter hinein kann und mehr Werkzeug. Stufe 3 ist dann schwerer Schutz, hier wird schweres Werkzeug ben\u00f6tigt, es dauert bis zu 5 Minuten zum Einbruch und je nach Ausstattung wird Alarm gegeben.<\/p>\n<p>Prinzipiell kann man also einen Einbruch nicht verhindern. Au\u00dfer man wendet Methoden an wie Starkstromzaun oder sonstige nicht erlaubte Ma\u00dfnahmen, wie man sie aus Gef\u00e4ngnis-Serien kennt.<\/p>\n<p>Was man aber machen kann, ist eine Portion Schwierigkeit hinzuf\u00fcgen. Sei es ein Riegel am Tor, abschlie\u00dfbare Fenstergriffe oder Kameras. Je schwieriger es wird einzubrechen, umso eher gibt der T\u00e4ter auf oder muss so viel Energie hineinstecken, dass es sich nicht lohnt. Je mehr Krach er beim Einbruch macht, umso h\u00f6her die Chance, dass man selbst oder ein Nachbar aufmerksam wird und die Polizei verst\u00e4ndigt wird.<\/p>\n<p>Ich habe recherchiert und pr\u00e4sentiere hier drei L\u00f6sungen, f\u00fcr den schmalen, den mittleren und den gehobenen Geldbeutel. Es ist traurig, dass man so etwas empfehlen muss, aber wir dachten auch immer &#8222;bei uns passiert das nicht&#8220;. Aber auch ein Hund im Haus schreckt nicht ab und durch Berichte unseres Erlebnisses haben wir erfahren, dass es durchaus vorkam, dass sogar der Hund mit geklaut wurde.<\/p>\n<p>Hier nun die Ergebnisse:<\/p>\n<p>&nbsp;<\/p>\n<table>\n<tbody>\n<tr>\n<td><em><strong>Torverriegelung<\/strong><\/em><\/td>\n<td><em><strong>Kamera<\/strong><\/em><\/td>\n<td><em><strong>Fenstersicherung<\/strong><\/em><\/td>\n<td><em><strong>Preis<\/strong><\/em><\/td>\n<\/tr>\n<tr>\n<td><a href=\"https:\/\/www.amazon.de\/gp\/product\/B07Q6JLW2Y\/ref=as_li_tl?ie=UTF8&amp;camp=1638&amp;creative=6742&amp;creativeASIN=B07Q6JLW2Y&amp;linkCode=as2&amp;tag=alarna1405-21&amp;linkId=c726ac19dadde47243e17d1731087aea\" target=\"_blank\" rel=\"noopener noreferrer\"><img decoding=\"async\" src=\"\/\/ws-eu.amazon-adsystem.com\/widgets\/q?_encoding=UTF8&amp;MarketPlace=DE&amp;ASIN=B07Q6JLW2Y&amp;ServiceVersion=20070822&amp;ID=AsinImage&amp;WS=1&amp;Format=_SL250_&amp;tag=alarna1405-21\" border=\"0\"><\/a><img loading=\"lazy\" decoding=\"async\" src=\"\/\/ir-de.amazon-adsystem.com\/e\/ir?t=alarna1405-21&amp;l=am2&amp;o=3&amp;a=B07Q6JLW2Y\" alt=\"\" width=\"1\" height=\"1\" border=\"0\"><\/td>\n<td><img decoding=\"async\" src=\"\/\/ws-eu.amazon-adsystem.com\/widgets\/q?_encoding=UTF8&amp;MarketPlace=DE&amp;ASIN=B07H91X1QC&amp;ServiceVersion=20070822&amp;ID=AsinImage&amp;WS=1&amp;Format=_SL250_&amp;tag=alarna1405-21\" border=\"0\"><\/td>\n<td><a href=\"https:\/\/www.amazon.de\/gp\/product\/B01CR428EM\/ref=as_li_tl?ie=UTF8&amp;camp=1638&amp;creative=6742&amp;creativeASIN=B01CR428EM&amp;linkCode=as2&amp;tag=alarna1405-21&amp;linkId=43fafcbb6a972599f3743f9c91c9f079\" target=\"_blank\" rel=\"noopener noreferrer\"><img decoding=\"async\" src=\"\/\/ws-eu.amazon-adsystem.com\/widgets\/q?_encoding=UTF8&amp;MarketPlace=DE&amp;ASIN=B01CR428EM&amp;ServiceVersion=20070822&amp;ID=AsinImage&amp;WS=1&amp;Format=_SL250_&amp;tag=alarna1405-21\" border=\"0\"><\/a><\/td>\n<td>\n<ol>\n<li>Riegel f\u00fcr 10 Euro<\/li>\n<li>Kamera f\u00fcr 60 Euro (ohne Batterien und SD Karte) &#8211; Stromversorgung \u00fcber Netzteil m\u00f6glich (nicht enthalten)<\/li>\n<li>Fenstergriffe 8 St\u00fcck f\u00fcr 30 Euro.<\/li>\n<\/ol>\n<p>Insgesamt 100 Euro f\u00fcr Stufe 1 Schutz, wenn man Karte und Netzteil dazukaufen muss, legt man 20 Euro drauf.<\/p>\n&nbsp;<\/td>\n<\/tr>\n<tr>\n<td><a href=\"https:\/\/www.amazon.de\/gp\/product\/B00KY02OG4\/ref=as_li_tl?ie=UTF8&amp;camp=1638&amp;creative=6742&amp;creativeASIN=B00KY02OG4&amp;linkCode=as2&amp;tag=alarna1405-21&amp;linkId=edce41869d2c9e54060d0a8339fe3b92\" target=\"_blank\" rel=\"noopener noreferrer\"><img decoding=\"async\" src=\"\/\/ws-eu.amazon-adsystem.com\/widgets\/q?_encoding=UTF8&amp;MarketPlace=DE&amp;ASIN=B00KY02OG4&amp;ServiceVersion=20070822&amp;ID=AsinImage&amp;WS=1&amp;Format=_SL250_&amp;tag=alarna1405-21\" border=\"0\"><\/a><img loading=\"lazy\" decoding=\"async\" src=\"\/\/ir-de.amazon-adsystem.com\/e\/ir?t=alarna1405-21&amp;l=am2&amp;o=3&amp;a=B00KY02OG4\" alt=\"\" width=\"1\" height=\"1\" border=\"0\"><\/td>\n<td><a href=\"https:\/\/www.amazon.de\/gp\/product\/B076PJH964\/ref=as_li_tl?ie=UTF8&amp;camp=1638&amp;creative=6742&amp;creativeASIN=B076PJH964&amp;linkCode=as2&amp;tag=alarna1405-21&amp;linkId=515eb47d0608f04ffde8d3c9562b0fe5\" target=\"_blank\" rel=\"noopener noreferrer\"><img decoding=\"async\" src=\"\/\/ws-eu.amazon-adsystem.com\/widgets\/q?_encoding=UTF8&amp;MarketPlace=DE&amp;ASIN=B076PJH964&amp;ServiceVersion=20070822&amp;ID=AsinImage&amp;WS=1&amp;Format=_SL250_&amp;tag=alarna1405-21\" border=\"0\"><\/a><img loading=\"lazy\" decoding=\"async\" src=\"\/\/ir-de.amazon-adsystem.com\/e\/ir?t=alarna1405-21&amp;l=am2&amp;o=3&amp;a=B076PJH964\" alt=\"\" width=\"1\" height=\"1\" border=\"0\"><\/td>\n<td><a href=\"https:\/\/www.amazon.de\/gp\/product\/B071R4RXWZ\/ref=as_li_tl?ie=UTF8&amp;camp=1638&amp;creative=6742&amp;creativeASIN=B071R4RXWZ&amp;linkCode=as2&amp;tag=alarna1405-21&amp;linkId=cceb6acc4dff5c86540321dd8afffe59\" target=\"_blank\" rel=\"noopener noreferrer\"><img decoding=\"async\" src=\"\/\/ws-eu.amazon-adsystem.com\/widgets\/q?_encoding=UTF8&amp;MarketPlace=DE&amp;ASIN=B071R4RXWZ&amp;ServiceVersion=20070822&amp;ID=AsinImage&amp;WS=1&amp;Format=_SL250_&amp;tag=alarna1405-21\" border=\"0\"><\/a><img loading=\"lazy\" decoding=\"async\" src=\"\/\/ir-de.amazon-adsystem.com\/e\/ir?t=alarna1405-21&amp;l=am2&amp;o=3&amp;a=B071R4RXWZ\" alt=\"\" width=\"1\" height=\"1\" border=\"0\"><\/td>\n<td>\n<ol>\n<li>Riegel f\u00fcr 42 Euro<\/li>\n<li>Kamera f\u00fcr 280 Euro mit Festplatte und App<\/li>\n<li>Fenstersicherung f\u00fcr 2 Fenster, 1 T\u00fcr mit schrillem Alarm, Starterkit f\u00fcr 47 Euro, zus\u00e4tzliche Fenstersensoren je 17 Euro<\/li>\n<\/ol>\nWie im obigen Beispiel bei 8 Fenstern ein Kostenpunkt von rund 425 Euro<\/td>\n<\/tr>\n<tr>\n<td>F\u00fcr ein zweifl\u00fcgeliges Tor mit Hebebolzen sind die obigen Verriegelungen die besten, die wir finden konnten. Das Problem ist ja, dass man den Hebebolzen anheben und dann das Tor aufdr\u00fccken kann, wobei das Schloss auseinandergedr\u00fcckt wird. Da ist ein Riegel die bessere Variante. Oder ein hohes Tor, \u00fcber das man nicht hin\u00fcbergreifen kann.<\/td>\n<td><a href=\"https:\/\/www.amazon.de\/gp\/product\/B07LBFJDQW\/ref=as_li_tl?ie=UTF8&amp;camp=1638&amp;creative=6742&amp;creativeASIN=B07LBFJDQW&amp;linkCode=as2&amp;tag=alarna1405-21&amp;linkId=cb207da5cf74de7c72aac4cfd329dc03\" target=\"_blank\" rel=\"noopener noreferrer\"><img decoding=\"async\" src=\"\/\/ws-eu.amazon-adsystem.com\/widgets\/q?_encoding=UTF8&amp;MarketPlace=DE&amp;ASIN=B07LBFJDQW&amp;ServiceVersion=20070822&amp;ID=AsinImage&amp;WS=1&amp;Format=_SL250_&amp;tag=alarna1405-21\" border=\"0\"><\/a><img loading=\"lazy\" decoding=\"async\" src=\"\/\/ir-de.amazon-adsystem.com\/e\/ir?t=alarna1405-21&amp;l=am2&amp;o=3&amp;a=B07LBFJDQW\" alt=\"\" width=\"1\" height=\"1\" border=\"0\"><\/td>\n<td><a href=\"https:\/\/www.amazon.de\/gp\/product\/B00P98VG5Q\/ref=as_li_tl?ie=UTF8&amp;camp=1638&amp;creative=6742&amp;creativeASIN=B00P98VG5Q&amp;linkCode=as2&amp;tag=alarna1405-21&amp;linkId=1dc103601baa60a8d913375548b8df07\" target=\"_blank\" rel=\"noopener noreferrer\"><img decoding=\"async\" src=\"\/\/ws-eu.amazon-adsystem.com\/widgets\/q?_encoding=UTF8&amp;MarketPlace=DE&amp;ASIN=B00P98VG5Q&amp;ServiceVersion=20070822&amp;ID=AsinImage&amp;WS=1&amp;Format=_SL250_&amp;tag=alarna1405-21\" border=\"0\"><\/a><img loading=\"lazy\" decoding=\"async\" src=\"\/\/ir-de.amazon-adsystem.com\/e\/ir?t=alarna1405-21&amp;l=am2&amp;o=3&amp;a=B00P98VG5Q\" alt=\"\" width=\"1\" height=\"1\" border=\"0\"><\/td>\n<td>\n<ol>\n<li>Riegel wie die oberen<\/li>\n<li>Kamerasystem f\u00fcr 660 Euro mit Festplatte, Alarm und Live\u00fcberwachung<\/li>\n<li>Fenstergriffe f\u00fcr 95 Euro das St\u00fcck mit Alarmfunktion<\/li>\n<\/ol>\nBei 8 Fenstern wie im ersten Beispiel macht das rund 700 Euro.<\/td>\n<\/tr>\n<\/tbody>\n<\/table>\n<p><img loading=\"lazy\" decoding=\"async\" src=\"\/\/ir-de.amazon-adsystem.com\/e\/ir?t=alarna1405-21&amp;l=am2&amp;o=3&amp;a=B07Q6JLW2Y\" alt=\"\" width=\"1\" height=\"1\" border=\"0\"><\/p>\n<p>Wer umfassenderen Schutz m\u00f6chte, muss sich eine Alarmanlage anschaffen, die auf das Haus oder die Wohnung abgestimmt ist. Hier noch ein Rat: Die Kamerasysteme mit Alarm und App zur Live-Verfolgung sind zwar ganz toll, aber sie k\u00f6nnen nat\u00fcrlich von einem professionellen Einbrecher gehackt werden. Hier sind Systeme besser, die nicht auf WLAN zugreifen.<\/p>\n<p>Wenn man Haustiere hat, muss man auf Systeme zur\u00fcckgreifen, die einen &#8222;Haustier Erkennungsschutz&#8220; (Pet immune) haben, sonst kann es passieren, dass man 10 mal pro Nacht durch die Katze oder den Hund geweckt wird. Mit schrillen T\u00f6nen. Nicht gerade erstrebenswert.<\/p>\n<p>Also ein einfacher Schutz ist schon mit geringerem Aufwand machbar und l\u00e4sst einen ruhiger schlafen.<\/p>\n<p>Apropos schlafen: die meisten Einbr\u00fcche passieren zwischen 1 und 3 Uhr nachts.<\/p>\n<p>Ich hoffe, ich konnte hier ein bisschen Hilfestellung geben und zeigen, dass ein wenig Sicherheit nicht unerschwinglich ist.<\/p>\n<p>&nbsp;<\/p>\n<p>&nbsp;<\/p>\n<p>&nbsp;<\/p>\n<p>&nbsp;<\/p>\n<p>&nbsp;<\/p>\n<p>&nbsp;<\/p>\n<p>&nbsp;<\/p>\n<p>&nbsp;<\/p>\n<p>&nbsp;<\/p>\n<p>&nbsp;<\/p>\n","protected":false},"excerpt":{"rendered":"","protected":false},"author":1,"featured_media":386,"comment_status":"open","ping_status":"closed","sticky":false,"template":"","format":"standard","meta":{"footnotes":""},"categories":[9],"tags":[14,33,109,110,124,125],"class_list":["post-379","post","type-post","status-publish","format-standard","has-post-thumbnail","hentry","category-things","tag-angst","tag-einbruch","tag-sicher","tag-sicherheit","tag-therapeuten","tag-trauma"],"yoast_head":"<!-- This site is optimized with the Yoast SEO plugin v27.5 - https:\/\/yoast.com\/product\/yoast-seo-wordpress\/ -->\n<title>Die Welt ist ein sicherer Ort - Alarnas Welt<\/title>\n<meta name=\"robots\" content=\"index, follow, max-snippet:-1, max-image-preview:large, max-video-preview:-1\" \/>\n<link rel=\"canonical\" href=\"https:\/\/alarna.de\/index.php\/2020\/09\/02\/sichere-welt\/\" \/>\n<meta property=\"og:locale\" content=\"de_DE\" \/>\n<meta property=\"og:type\" content=\"article\" \/>\n<meta property=\"og:title\" content=\"Die Welt ist ein sicherer Ort - Alarnas Welt\" \/>\n<meta property=\"og:url\" content=\"https:\/\/alarna.de\/index.php\/2020\/09\/02\/sichere-welt\/\" \/>\n<meta property=\"og:site_name\" content=\"Alarnas Welt\" \/>\n<meta property=\"article:published_time\" content=\"2020-09-02T14:15:04+00:00\" \/>\n<meta name=\"author\" content=\"alarna\" \/>\n<meta name=\"twitter:card\" content=\"summary_large_image\" \/>\n<meta name=\"twitter:label1\" content=\"Verfasst von\" \/>\n\t<meta name=\"twitter:data1\" content=\"alarna\" \/>\n\t<meta name=\"twitter:label2\" content=\"Gesch\u00e4tzte Lesezeit\" \/>\n\t<meta name=\"twitter:data2\" content=\"9\u00a0Minuten\" \/>\n<script type=\"application\/ld+json\" class=\"yoast-schema-graph\">{\"@context\":\"https:\\\/\\\/schema.org\",\"@graph\":[{\"@type\":\"Article\",\"@id\":\"https:\\\/\\\/alarna.de\\\/index.php\\\/2020\\\/09\\\/02\\\/sichere-welt\\\/#article\",\"isPartOf\":{\"@id\":\"https:\\\/\\\/alarna.de\\\/index.php\\\/2020\\\/09\\\/02\\\/sichere-welt\\\/\"},\"author\":{\"name\":\"alarna\",\"@id\":\"https:\\\/\\\/alarna.de\\\/#\\\/schema\\\/person\\\/2180e0411189fcda16f7566f6543c8c3\"},\"headline\":\"Die Welt ist ein sicherer Ort\",\"datePublished\":\"2020-09-02T14:15:04+00:00\",\"mainEntityOfPage\":{\"@id\":\"https:\\\/\\\/alarna.de\\\/index.php\\\/2020\\\/09\\\/02\\\/sichere-welt\\\/\"},\"wordCount\":1726,\"commentCount\":0,\"image\":{\"@id\":\"https:\\\/\\\/alarna.de\\\/index.php\\\/2020\\\/09\\\/02\\\/sichere-welt\\\/#primaryimage\"},\"thumbnailUrl\":\"https:\\\/\\\/alarna.de\\\/wp-content\\\/uploads\\\/2020\\\/09\\\/einbrecher_klein-1.jpg\",\"keywords\":[\"angst\",\"einbruch\",\"sicher\",\"sicherheit\",\"therapeuten\",\"trauma\"],\"articleSection\":[\"Zweibeiner\"],\"inLanguage\":\"de\",\"potentialAction\":[{\"@type\":\"CommentAction\",\"name\":\"Comment\",\"target\":[\"https:\\\/\\\/alarna.de\\\/index.php\\\/2020\\\/09\\\/02\\\/sichere-welt\\\/#respond\"]}]},{\"@type\":\"WebPage\",\"@id\":\"https:\\\/\\\/alarna.de\\\/index.php\\\/2020\\\/09\\\/02\\\/sichere-welt\\\/\",\"url\":\"https:\\\/\\\/alarna.de\\\/index.php\\\/2020\\\/09\\\/02\\\/sichere-welt\\\/\",\"name\":\"Die Welt ist ein sicherer Ort - Alarnas Welt\",\"isPartOf\":{\"@id\":\"https:\\\/\\\/alarna.de\\\/#website\"},\"primaryImageOfPage\":{\"@id\":\"https:\\\/\\\/alarna.de\\\/index.php\\\/2020\\\/09\\\/02\\\/sichere-welt\\\/#primaryimage\"},\"image\":{\"@id\":\"https:\\\/\\\/alarna.de\\\/index.php\\\/2020\\\/09\\\/02\\\/sichere-welt\\\/#primaryimage\"},\"thumbnailUrl\":\"https:\\\/\\\/alarna.de\\\/wp-content\\\/uploads\\\/2020\\\/09\\\/einbrecher_klein-1.jpg\",\"datePublished\":\"2020-09-02T14:15:04+00:00\",\"author\":{\"@id\":\"https:\\\/\\\/alarna.de\\\/#\\\/schema\\\/person\\\/2180e0411189fcda16f7566f6543c8c3\"},\"breadcrumb\":{\"@id\":\"https:\\\/\\\/alarna.de\\\/index.php\\\/2020\\\/09\\\/02\\\/sichere-welt\\\/#breadcrumb\"},\"inLanguage\":\"de\",\"potentialAction\":[{\"@type\":\"ReadAction\",\"target\":[\"https:\\\/\\\/alarna.de\\\/index.php\\\/2020\\\/09\\\/02\\\/sichere-welt\\\/\"]}]},{\"@type\":\"ImageObject\",\"inLanguage\":\"de\",\"@id\":\"https:\\\/\\\/alarna.de\\\/index.php\\\/2020\\\/09\\\/02\\\/sichere-welt\\\/#primaryimage\",\"url\":\"https:\\\/\\\/alarna.de\\\/wp-content\\\/uploads\\\/2020\\\/09\\\/einbrecher_klein-1.jpg\",\"contentUrl\":\"https:\\\/\\\/alarna.de\\\/wp-content\\\/uploads\\\/2020\\\/09\\\/einbrecher_klein-1.jpg\",\"width\":1920,\"height\":695},{\"@type\":\"BreadcrumbList\",\"@id\":\"https:\\\/\\\/alarna.de\\\/index.php\\\/2020\\\/09\\\/02\\\/sichere-welt\\\/#breadcrumb\",\"itemListElement\":[{\"@type\":\"ListItem\",\"position\":1,\"name\":\"Startseite\",\"item\":\"https:\\\/\\\/alarna.de\\\/\"},{\"@type\":\"ListItem\",\"position\":2,\"name\":\"Die Welt ist ein sicherer Ort\"}]},{\"@type\":\"WebSite\",\"@id\":\"https:\\\/\\\/alarna.de\\\/#website\",\"url\":\"https:\\\/\\\/alarna.de\\\/\",\"name\":\"Alarnas Welt\",\"description\":\"Tierisch viel los\",\"potentialAction\":[{\"@type\":\"SearchAction\",\"target\":{\"@type\":\"EntryPoint\",\"urlTemplate\":\"https:\\\/\\\/alarna.de\\\/?s={search_term_string}\"},\"query-input\":{\"@type\":\"PropertyValueSpecification\",\"valueRequired\":true,\"valueName\":\"search_term_string\"}}],\"inLanguage\":\"de\"},{\"@type\":\"Person\",\"@id\":\"https:\\\/\\\/alarna.de\\\/#\\\/schema\\\/person\\\/2180e0411189fcda16f7566f6543c8c3\",\"name\":\"alarna\",\"image\":{\"@type\":\"ImageObject\",\"inLanguage\":\"de\",\"@id\":\"https:\\\/\\\/secure.gravatar.com\\\/avatar\\\/9691087f32321ef1477af5cb5fdbbdf7bd0689736d54cde066e94e6bb5fba756?s=96&r=g\",\"url\":\"https:\\\/\\\/secure.gravatar.com\\\/avatar\\\/9691087f32321ef1477af5cb5fdbbdf7bd0689736d54cde066e94e6bb5fba756?s=96&r=g\",\"contentUrl\":\"https:\\\/\\\/secure.gravatar.com\\\/avatar\\\/9691087f32321ef1477af5cb5fdbbdf7bd0689736d54cde066e94e6bb5fba756?s=96&r=g\",\"caption\":\"alarna\"},\"sameAs\":[\"https:\\\/\\\/alarna.de\"],\"url\":\"https:\\\/\\\/alarna.de\\\/index.php\\\/author\\\/alarna\\\/\"}]}<\/script>\n<!-- \/ Yoast SEO plugin. -->","yoast_head_json":{"title":"Die Welt ist ein sicherer Ort - Alarnas Welt","robots":{"index":"index","follow":"follow","max-snippet":"max-snippet:-1","max-image-preview":"max-image-preview:large","max-video-preview":"max-video-preview:-1"},"canonical":"https:\/\/alarna.de\/index.php\/2020\/09\/02\/sichere-welt\/","og_locale":"de_DE","og_type":"article","og_title":"Die Welt ist ein sicherer Ort - Alarnas Welt","og_url":"https:\/\/alarna.de\/index.php\/2020\/09\/02\/sichere-welt\/","og_site_name":"Alarnas Welt","article_published_time":"2020-09-02T14:15:04+00:00","author":"alarna","twitter_card":"summary_large_image","twitter_misc":{"Verfasst von":"alarna","Gesch\u00e4tzte Lesezeit":"9\u00a0Minuten"},"schema":{"@context":"https:\/\/schema.org","@graph":[{"@type":"Article","@id":"https:\/\/alarna.de\/index.php\/2020\/09\/02\/sichere-welt\/#article","isPartOf":{"@id":"https:\/\/alarna.de\/index.php\/2020\/09\/02\/sichere-welt\/"},"author":{"name":"alarna","@id":"https:\/\/alarna.de\/#\/schema\/person\/2180e0411189fcda16f7566f6543c8c3"},"headline":"Die Welt ist ein sicherer Ort","datePublished":"2020-09-02T14:15:04+00:00","mainEntityOfPage":{"@id":"https:\/\/alarna.de\/index.php\/2020\/09\/02\/sichere-welt\/"},"wordCount":1726,"commentCount":0,"image":{"@id":"https:\/\/alarna.de\/index.php\/2020\/09\/02\/sichere-welt\/#primaryimage"},"thumbnailUrl":"https:\/\/alarna.de\/wp-content\/uploads\/2020\/09\/einbrecher_klein-1.jpg","keywords":["angst","einbruch","sicher","sicherheit","therapeuten","trauma"],"articleSection":["Zweibeiner"],"inLanguage":"de","potentialAction":[{"@type":"CommentAction","name":"Comment","target":["https:\/\/alarna.de\/index.php\/2020\/09\/02\/sichere-welt\/#respond"]}]},{"@type":"WebPage","@id":"https:\/\/alarna.de\/index.php\/2020\/09\/02\/sichere-welt\/","url":"https:\/\/alarna.de\/index.php\/2020\/09\/02\/sichere-welt\/","name":"Die Welt ist ein sicherer Ort - Alarnas Welt","isPartOf":{"@id":"https:\/\/alarna.de\/#website"},"primaryImageOfPage":{"@id":"https:\/\/alarna.de\/index.php\/2020\/09\/02\/sichere-welt\/#primaryimage"},"image":{"@id":"https:\/\/alarna.de\/index.php\/2020\/09\/02\/sichere-welt\/#primaryimage"},"thumbnailUrl":"https:\/\/alarna.de\/wp-content\/uploads\/2020\/09\/einbrecher_klein-1.jpg","datePublished":"2020-09-02T14:15:04+00:00","author":{"@id":"https:\/\/alarna.de\/#\/schema\/person\/2180e0411189fcda16f7566f6543c8c3"},"breadcrumb":{"@id":"https:\/\/alarna.de\/index.php\/2020\/09\/02\/sichere-welt\/#breadcrumb"},"inLanguage":"de","potentialAction":[{"@type":"ReadAction","target":["https:\/\/alarna.de\/index.php\/2020\/09\/02\/sichere-welt\/"]}]},{"@type":"ImageObject","inLanguage":"de","@id":"https:\/\/alarna.de\/index.php\/2020\/09\/02\/sichere-welt\/#primaryimage","url":"https:\/\/alarna.de\/wp-content\/uploads\/2020\/09\/einbrecher_klein-1.jpg","contentUrl":"https:\/\/alarna.de\/wp-content\/uploads\/2020\/09\/einbrecher_klein-1.jpg","width":1920,"height":695},{"@type":"BreadcrumbList","@id":"https:\/\/alarna.de\/index.php\/2020\/09\/02\/sichere-welt\/#breadcrumb","itemListElement":[{"@type":"ListItem","position":1,"name":"Startseite","item":"https:\/\/alarna.de\/"},{"@type":"ListItem","position":2,"name":"Die Welt ist ein sicherer Ort"}]},{"@type":"WebSite","@id":"https:\/\/alarna.de\/#website","url":"https:\/\/alarna.de\/","name":"Alarnas Welt","description":"Tierisch viel los","potentialAction":[{"@type":"SearchAction","target":{"@type":"EntryPoint","urlTemplate":"https:\/\/alarna.de\/?s={search_term_string}"},"query-input":{"@type":"PropertyValueSpecification","valueRequired":true,"valueName":"search_term_string"}}],"inLanguage":"de"},{"@type":"Person","@id":"https:\/\/alarna.de\/#\/schema\/person\/2180e0411189fcda16f7566f6543c8c3","name":"alarna","image":{"@type":"ImageObject","inLanguage":"de","@id":"https:\/\/secure.gravatar.com\/avatar\/9691087f32321ef1477af5cb5fdbbdf7bd0689736d54cde066e94e6bb5fba756?s=96&r=g","url":"https:\/\/secure.gravatar.com\/avatar\/9691087f32321ef1477af5cb5fdbbdf7bd0689736d54cde066e94e6bb5fba756?s=96&r=g","contentUrl":"https:\/\/secure.gravatar.com\/avatar\/9691087f32321ef1477af5cb5fdbbdf7bd0689736d54cde066e94e6bb5fba756?s=96&r=g","caption":"alarna"},"sameAs":["https:\/\/alarna.de"],"url":"https:\/\/alarna.de\/index.php\/author\/alarna\/"}]}},"_links":{"self":[{"href":"https:\/\/alarna.de\/index.php\/wp-json\/wp\/v2\/posts\/379","targetHints":{"allow":["GET"]}}],"collection":[{"href":"https:\/\/alarna.de\/index.php\/wp-json\/wp\/v2\/posts"}],"about":[{"href":"https:\/\/alarna.de\/index.php\/wp-json\/wp\/v2\/types\/post"}],"author":[{"embeddable":true,"href":"https:\/\/alarna.de\/index.php\/wp-json\/wp\/v2\/users\/1"}],"replies":[{"embeddable":true,"href":"https:\/\/alarna.de\/index.php\/wp-json\/wp\/v2\/comments?post=379"}],"version-history":[{"count":0,"href":"https:\/\/alarna.de\/index.php\/wp-json\/wp\/v2\/posts\/379\/revisions"}],"wp:featuredmedia":[{"embeddable":true,"href":"https:\/\/alarna.de\/index.php\/wp-json\/wp\/v2\/media\/386"}],"wp:attachment":[{"href":"https:\/\/alarna.de\/index.php\/wp-json\/wp\/v2\/media?parent=379"}],"wp:term":[{"taxonomy":"category","embeddable":true,"href":"https:\/\/alarna.de\/index.php\/wp-json\/wp\/v2\/categories?post=379"},{"taxonomy":"post_tag","embeddable":true,"href":"https:\/\/alarna.de\/index.php\/wp-json\/wp\/v2\/tags?post=379"}],"curies":[{"name":"wp","href":"https:\/\/api.w.org\/{rel}","templated":true}]}}