{"id":355,"date":"2019-12-05T18:26:04","date_gmt":"2019-12-05T16:26:04","guid":{"rendered":"https:\/\/alarna.de\/?p=355"},"modified":"2019-12-05T18:26:04","modified_gmt":"2019-12-05T16:26:04","slug":"servicewuste","status":"publish","type":"post","link":"https:\/\/alarna.de\/index.php\/2019\/12\/05\/servicewuste\/","title":{"rendered":"Servicew\u00fcste mal anders"},"content":{"rendered":"\n\t<p>Manchmal fragt man sich ja, wie die Einstellungskriterien in Call-Centern sind. Oder wie die Mitarbeiter geschult werden oder ob \u00fcberhaupt.<\/p>\n<p>Heute hatte ich ein solches Erlebnis der besonderen Art. Ich leide ja bekanntlich unter Schlaf Apnoe. Von den Krankenkassen bzw. den &#8222;Versorgern&#8220; &#8211; wie sie so sch\u00f6n hei\u00dfen &#8211; wird man oft stiefm\u00fctterlich behandelt.<\/p>\n<p>Man hat Anspruch auf eine Maske. Eine passende Maske. Man hat Anspruch darauf, dass die Dinger so lange getauscht werden, bis endlich eine passt und man damit auch schlafen kann. So die Theorie. In der Praxis sieht das dann so aus, dass man ab der zweiten Maske ein Rezept vorlegen soll mit der Begr\u00fcndung, warum man eine andere Maske haben will. Die eigene Darstellung von Panikattacken, passt nicht oder \u00e4hnlichen Problemen, wird ignoriert.<\/p>\n<p>Die meisten Haus\u00e4rzte haben nicht die geringste Ahnung wie so ein Rezept aussehen muss und verweisen einen dann auf einen Schlafmediziner, dessen Wartezeit bei Terminen so um die 6 Monate betr\u00e4gt. Wenn man Gl\u00fcck hat.<\/p>\n<p>Nun habe ich zu allem \u00dcberfluss auch noch die Krankenkasse gewechselt und beide haben meinem Versorger nichts davon gesagt. Der ist jetzt erstmal knatschig und will neue Rezepte und Dutzende von unterschriebenen und ausgef\u00fcllten Formularen.<\/p>\n<p>Ich will einfach nur eine passende Maske und gut schlafen. Deshalb habe ich in einer Selbsthilfegruppe herumgefragt, wie das so mit Masken ist, die leise sind, den Schlauch nicht an der Nase haben, sondern am Kopf oben (ich neige dazu mir das Ganze im Schlaf wegzurei\u00dfen, weil ich ein &#8222;W\u00fchler&#8220; bin) und bekam dann Ausk\u00fcnfte. Letztendlich l\u00e4uft es darauf hinaus, dass die f\u00fcr mich am geeignetsten erscheinende Maske ein ist, die keine Krankenkassenzulassung hat und die man selbst bezahlen muss. War ja klar.<\/p>\n<p>Ich habe mit mir gerungen aber mich dann dazu entschlossen das Geld zu investieren. Es geht immerhin um 150 Euro. Haben und nicht haben, gell? Aber ich brauche meinen Schlaf.<\/p>\n<p>Die Maske ist von Philips und wenn man sie dort bestellt, hat man 30 Tage R\u00fcckgabegarantie. Das finde ich sehr gut, denn 150 Euro mal eben in den Wind schie\u00dfen, das kann ich mir nicht leisten, vor allem da ich durch die Schlafapnoe nahezu erwerbsunf\u00e4hig wurde.<\/p>\n<p>Also hin zur Homepage von Philips. Da kann man sie bestellen, aber es steht nirgends, welche Gr\u00f6\u00dfe sie hat. Aber es gibt eine kostenlose Rufnummer f\u00fcr Fragen. Ich bin nicht mein Mann, der das Telefon f\u00fcrchtet wie der Teufel das Weihwasser, also nahm ich das Telefon und rief an.<\/p>\n<p>Eine sehr nette Dame erkl\u00e4rte mir dann, der Rahmen h\u00e4tte immer die Gr\u00f6\u00dfe &#8222;M&#8220;, das k\u00f6nne man nicht \u00e4ndern, die Nasenst\u00fccke w\u00e4ren in allen Gr\u00f6\u00dfen dabei. Mein Einwand, ich w\u00fcsste jetzt schon, dass ich einen kleineren Kopf habe, parierte sie freundlich. Wenn die Maske nicht passt, anrufen und sie schicken einen kleineren Rahmen. Ich bekam Bearbeitungs- und Bestellnummer und war irgendwie zufrieden.<\/p>\n<p>Noch zufriedener war ich, als die Maske bereits am \u00fcbern\u00e4chsten Tag geliefert wurde. Auspacken, Anleitung lesen, zusammenstecken und? Zu gro\u00df. Erwartungsgem\u00e4\u00df. Also zum Telefon und Philips angerufen.<\/p>\n<p>Dem Herrn am anderen Ende der Leitung die ganze Sache geschildert und ihm Bearbeitungsnummer und Bestellnummer gegeben. Darauf erkl\u00e4rte er mir, ich m\u00fcsse den kleineren Rahmen online bestellen, er k\u00f6nne das nicht telefonisch entgegennehmen.<\/p>\n<p>Aha. Nun, dann m\u00fcsste ich aber nochmal 69 Euro bezahlen. Wie das dann mit dem Rahmen verrechnet w\u00fcrde, den ich jetzt zur\u00fccksenden m\u00f6chte.<\/p>\n<p>Das ginge nicht.<\/p>\n<p>Wie das geht nicht?<\/p>\n<p>Den Rahmen kann ich nicht einzeln zur\u00fcck schicken, da m\u00fcsste ich die gesamte Maske schicken.<\/p>\n<p>Ich wand ein, dass es so \u00fcberhaupt keinen Sinn macht, sich einen kleinen Rahmen zu ordern und keine Nasenpolster etc. daf\u00fcr zu haben. Da man die Maske nur mit Rahmen &#8222;M&#8220; ordern kann, m\u00fcsste es doch m\u00f6glich sein das Ding zu tauschen.<\/p>\n<p>Nein das geht nicht, man muss dann einen zus\u00e4tzlichen Rahmen kaufen.<\/p>\n<p>Ich war knatschig. Das w\u00e4re Geldmacherei und ein Grund f\u00fcr mich den ganzen Kram wieder retour zu schicken.<\/p>\n<p>Er k\u00f6nne da nichts machen und sch\u00f6nen Tag noch.<\/p>\n<p>&nbsp;<\/p>\n<p>Ich sa\u00df hier und \u00fcberlegte. Ging dann nochmal auf die Homepage von Philips, um eine Kontaktm\u00f6glichkeit zur Beschwerde zu finden. So wollte ich das keinesfalls im Raum stehen lassen und ich wollte meinem \u00c4rger Luft machen. Es gibt bei den Schlafmasken eine extra Telefonnummer. Ich rief an.<\/p>\n<p>Eine nette Dame am anderen Ende. Ich beschwerte mich und fragte, wie das denn sein k\u00f6nnte. Sie war entsetzt und fragte mich, wer mir so etwas erz\u00e4hlt h\u00e4tte, das w\u00fcrde ja gar nicht stimmen.<\/p>\n<p>Ich sagte ihr dann, dass ihr Kollege von der anderen Rufnummer mir das so erkl\u00e4rt h\u00e4tte und sie meinte, das w\u00e4re komplett falsch. Sie bat um Bearbeitungs- und Bestellnummer und glich die Daten ab. Ja, sie k\u00f6nne sehen, dass eine Kollegin schon vermerkt hatte, dass ich vermutlich einen kleineren Rahmen ben\u00f6tige. Sie w\u00fcrde das jetzt in die zust\u00e4ndige Abteilung leiten und ich bek\u00e4me einen kleineren Rahmen zugeschickt. Das w\u00e4re gar kein Problem.<\/p>\n<p>Meine Frage wie ich den erhaltenen Rahmen zur\u00fccksenden soll beantwortete sie mir so: &#8222;Wenn wir den zur\u00fcckhaben wollen, dann sagen wir Ihnen das schon. Behalten Sie den mal solange als Reserve.&#8220;<\/p>\n<p>Ich frage mich jetzt allen Ernstes, warum man seinen Kunden eine solche Falschinformation gibt bzw. was der Herr sich dabei dachte. Ob er \u00fcberhaupt dachte. Ob er \u00fcberhaupt Ahnung hatte. Und warum nicht alle Servicemitarbeiter so nett und kompetent sind, wie die beiden netten Damen, die sich wirklich um meine Bed\u00fcrfnisse gek\u00fcmmert haben.<\/p>\n<p>Liegt es am Geschlecht?<\/p>\n<p>*duckundwech*<\/p>\n","protected":false},"excerpt":{"rendered":"","protected":false},"author":1,"featured_media":358,"comment_status":"open","ping_status":"closed","sticky":false,"template":"","format":"standard","meta":{"footnotes":""},"categories":[5,9],"tags":[15,21,43,55,71,77,88,102,107],"class_list":["post-355","post","type-post","status-publish","format-standard","has-post-thumbnail","hentry","category-schlaf-apnoe","category-things","tag-apnoe","tag-callcenter","tag-frauen","tag-hotline","tag-kompetenz","tag-maenner","tag-philips","tag-schlafmaske","tag-service"],"yoast_head":"<!-- This site is optimized with the Yoast SEO plugin v27.4 - https:\/\/yoast.com\/product\/yoast-seo-wordpress\/ -->\n<title>Servicew\u00fcste mal anders - Alarnas Welt<\/title>\n<meta name=\"robots\" content=\"index, follow, max-snippet:-1, max-image-preview:large, max-video-preview:-1\" \/>\n<link rel=\"canonical\" href=\"https:\/\/alarna.de\/index.php\/2019\/12\/05\/servicewuste\/\" \/>\n<meta property=\"og:locale\" content=\"de_DE\" \/>\n<meta property=\"og:type\" content=\"article\" \/>\n<meta property=\"og:title\" content=\"Servicew\u00fcste mal anders - Alarnas Welt\" \/>\n<meta property=\"og:url\" content=\"https:\/\/alarna.de\/index.php\/2019\/12\/05\/servicewuste\/\" \/>\n<meta property=\"og:site_name\" content=\"Alarnas Welt\" \/>\n<meta property=\"article:published_time\" content=\"2019-12-05T16:26:04+00:00\" \/>\n<meta name=\"author\" content=\"alarna\" \/>\n<meta name=\"twitter:card\" content=\"summary_large_image\" \/>\n<meta name=\"twitter:label1\" content=\"Verfasst von\" \/>\n\t<meta name=\"twitter:data1\" content=\"alarna\" \/>\n\t<meta name=\"twitter:label2\" content=\"Gesch\u00e4tzte Lesezeit\" \/>\n\t<meta name=\"twitter:data2\" content=\"5\u00a0Minuten\" \/>\n<script type=\"application\/ld+json\" class=\"yoast-schema-graph\">{\"@context\":\"https:\\\/\\\/schema.org\",\"@graph\":[{\"@type\":\"Article\",\"@id\":\"https:\\\/\\\/alarna.de\\\/index.php\\\/2019\\\/12\\\/05\\\/servicewuste\\\/#article\",\"isPartOf\":{\"@id\":\"https:\\\/\\\/alarna.de\\\/index.php\\\/2019\\\/12\\\/05\\\/servicewuste\\\/\"},\"author\":{\"name\":\"alarna\",\"@id\":\"https:\\\/\\\/alarna.de\\\/#\\\/schema\\\/person\\\/2180e0411189fcda16f7566f6543c8c3\"},\"headline\":\"Servicew\u00fcste mal anders\",\"datePublished\":\"2019-12-05T16:26:04+00:00\",\"mainEntityOfPage\":{\"@id\":\"https:\\\/\\\/alarna.de\\\/index.php\\\/2019\\\/12\\\/05\\\/servicewuste\\\/\"},\"wordCount\":958,\"commentCount\":2,\"image\":{\"@id\":\"https:\\\/\\\/alarna.de\\\/index.php\\\/2019\\\/12\\\/05\\\/servicewuste\\\/#primaryimage\"},\"thumbnailUrl\":\"https:\\\/\\\/alarna.de\\\/wp-content\\\/uploads\\\/2019\\\/12\\\/Maske-1.jpg\",\"keywords\":[\"Apnoe\",\"Callcenter\",\"Frauen\",\"Hotline\",\"Kompetenz\",\"M\u00e4nner\",\"Philips\",\"Schlafmaske\",\"Service\"],\"articleSection\":[\"Schlaf Apnoe\",\"Zweibeiner\"],\"inLanguage\":\"de\",\"potentialAction\":[{\"@type\":\"CommentAction\",\"name\":\"Comment\",\"target\":[\"https:\\\/\\\/alarna.de\\\/index.php\\\/2019\\\/12\\\/05\\\/servicewuste\\\/#respond\"]}]},{\"@type\":\"WebPage\",\"@id\":\"https:\\\/\\\/alarna.de\\\/index.php\\\/2019\\\/12\\\/05\\\/servicewuste\\\/\",\"url\":\"https:\\\/\\\/alarna.de\\\/index.php\\\/2019\\\/12\\\/05\\\/servicewuste\\\/\",\"name\":\"Servicew\u00fcste mal anders - Alarnas Welt\",\"isPartOf\":{\"@id\":\"https:\\\/\\\/alarna.de\\\/#website\"},\"primaryImageOfPage\":{\"@id\":\"https:\\\/\\\/alarna.de\\\/index.php\\\/2019\\\/12\\\/05\\\/servicewuste\\\/#primaryimage\"},\"image\":{\"@id\":\"https:\\\/\\\/alarna.de\\\/index.php\\\/2019\\\/12\\\/05\\\/servicewuste\\\/#primaryimage\"},\"thumbnailUrl\":\"https:\\\/\\\/alarna.de\\\/wp-content\\\/uploads\\\/2019\\\/12\\\/Maske-1.jpg\",\"datePublished\":\"2019-12-05T16:26:04+00:00\",\"author\":{\"@id\":\"https:\\\/\\\/alarna.de\\\/#\\\/schema\\\/person\\\/2180e0411189fcda16f7566f6543c8c3\"},\"breadcrumb\":{\"@id\":\"https:\\\/\\\/alarna.de\\\/index.php\\\/2019\\\/12\\\/05\\\/servicewuste\\\/#breadcrumb\"},\"inLanguage\":\"de\",\"potentialAction\":[{\"@type\":\"ReadAction\",\"target\":[\"https:\\\/\\\/alarna.de\\\/index.php\\\/2019\\\/12\\\/05\\\/servicewuste\\\/\"]}]},{\"@type\":\"ImageObject\",\"inLanguage\":\"de\",\"@id\":\"https:\\\/\\\/alarna.de\\\/index.php\\\/2019\\\/12\\\/05\\\/servicewuste\\\/#primaryimage\",\"url\":\"https:\\\/\\\/alarna.de\\\/wp-content\\\/uploads\\\/2019\\\/12\\\/Maske-1.jpg\",\"contentUrl\":\"https:\\\/\\\/alarna.de\\\/wp-content\\\/uploads\\\/2019\\\/12\\\/Maske-1.jpg\",\"width\":1920,\"height\":1080},{\"@type\":\"BreadcrumbList\",\"@id\":\"https:\\\/\\\/alarna.de\\\/index.php\\\/2019\\\/12\\\/05\\\/servicewuste\\\/#breadcrumb\",\"itemListElement\":[{\"@type\":\"ListItem\",\"position\":1,\"name\":\"Startseite\",\"item\":\"https:\\\/\\\/alarna.de\\\/\"},{\"@type\":\"ListItem\",\"position\":2,\"name\":\"Servicew\u00fcste mal anders\"}]},{\"@type\":\"WebSite\",\"@id\":\"https:\\\/\\\/alarna.de\\\/#website\",\"url\":\"https:\\\/\\\/alarna.de\\\/\",\"name\":\"Alarnas Welt\",\"description\":\"Tierisch viel los\",\"potentialAction\":[{\"@type\":\"SearchAction\",\"target\":{\"@type\":\"EntryPoint\",\"urlTemplate\":\"https:\\\/\\\/alarna.de\\\/?s={search_term_string}\"},\"query-input\":{\"@type\":\"PropertyValueSpecification\",\"valueRequired\":true,\"valueName\":\"search_term_string\"}}],\"inLanguage\":\"de\"},{\"@type\":\"Person\",\"@id\":\"https:\\\/\\\/alarna.de\\\/#\\\/schema\\\/person\\\/2180e0411189fcda16f7566f6543c8c3\",\"name\":\"alarna\",\"image\":{\"@type\":\"ImageObject\",\"inLanguage\":\"de\",\"@id\":\"https:\\\/\\\/secure.gravatar.com\\\/avatar\\\/9691087f32321ef1477af5cb5fdbbdf7bd0689736d54cde066e94e6bb5fba756?s=96&r=g\",\"url\":\"https:\\\/\\\/secure.gravatar.com\\\/avatar\\\/9691087f32321ef1477af5cb5fdbbdf7bd0689736d54cde066e94e6bb5fba756?s=96&r=g\",\"contentUrl\":\"https:\\\/\\\/secure.gravatar.com\\\/avatar\\\/9691087f32321ef1477af5cb5fdbbdf7bd0689736d54cde066e94e6bb5fba756?s=96&r=g\",\"caption\":\"alarna\"},\"sameAs\":[\"https:\\\/\\\/alarna.de\"],\"url\":\"https:\\\/\\\/alarna.de\\\/index.php\\\/author\\\/alarna\\\/\"}]}<\/script>\n<!-- \/ Yoast SEO plugin. -->","yoast_head_json":{"title":"Servicew\u00fcste mal anders - Alarnas Welt","robots":{"index":"index","follow":"follow","max-snippet":"max-snippet:-1","max-image-preview":"max-image-preview:large","max-video-preview":"max-video-preview:-1"},"canonical":"https:\/\/alarna.de\/index.php\/2019\/12\/05\/servicewuste\/","og_locale":"de_DE","og_type":"article","og_title":"Servicew\u00fcste mal anders - Alarnas Welt","og_url":"https:\/\/alarna.de\/index.php\/2019\/12\/05\/servicewuste\/","og_site_name":"Alarnas Welt","article_published_time":"2019-12-05T16:26:04+00:00","author":"alarna","twitter_card":"summary_large_image","twitter_misc":{"Verfasst von":"alarna","Gesch\u00e4tzte Lesezeit":"5\u00a0Minuten"},"schema":{"@context":"https:\/\/schema.org","@graph":[{"@type":"Article","@id":"https:\/\/alarna.de\/index.php\/2019\/12\/05\/servicewuste\/#article","isPartOf":{"@id":"https:\/\/alarna.de\/index.php\/2019\/12\/05\/servicewuste\/"},"author":{"name":"alarna","@id":"https:\/\/alarna.de\/#\/schema\/person\/2180e0411189fcda16f7566f6543c8c3"},"headline":"Servicew\u00fcste mal anders","datePublished":"2019-12-05T16:26:04+00:00","mainEntityOfPage":{"@id":"https:\/\/alarna.de\/index.php\/2019\/12\/05\/servicewuste\/"},"wordCount":958,"commentCount":2,"image":{"@id":"https:\/\/alarna.de\/index.php\/2019\/12\/05\/servicewuste\/#primaryimage"},"thumbnailUrl":"https:\/\/alarna.de\/wp-content\/uploads\/2019\/12\/Maske-1.jpg","keywords":["Apnoe","Callcenter","Frauen","Hotline","Kompetenz","M\u00e4nner","Philips","Schlafmaske","Service"],"articleSection":["Schlaf Apnoe","Zweibeiner"],"inLanguage":"de","potentialAction":[{"@type":"CommentAction","name":"Comment","target":["https:\/\/alarna.de\/index.php\/2019\/12\/05\/servicewuste\/#respond"]}]},{"@type":"WebPage","@id":"https:\/\/alarna.de\/index.php\/2019\/12\/05\/servicewuste\/","url":"https:\/\/alarna.de\/index.php\/2019\/12\/05\/servicewuste\/","name":"Servicew\u00fcste mal anders - Alarnas Welt","isPartOf":{"@id":"https:\/\/alarna.de\/#website"},"primaryImageOfPage":{"@id":"https:\/\/alarna.de\/index.php\/2019\/12\/05\/servicewuste\/#primaryimage"},"image":{"@id":"https:\/\/alarna.de\/index.php\/2019\/12\/05\/servicewuste\/#primaryimage"},"thumbnailUrl":"https:\/\/alarna.de\/wp-content\/uploads\/2019\/12\/Maske-1.jpg","datePublished":"2019-12-05T16:26:04+00:00","author":{"@id":"https:\/\/alarna.de\/#\/schema\/person\/2180e0411189fcda16f7566f6543c8c3"},"breadcrumb":{"@id":"https:\/\/alarna.de\/index.php\/2019\/12\/05\/servicewuste\/#breadcrumb"},"inLanguage":"de","potentialAction":[{"@type":"ReadAction","target":["https:\/\/alarna.de\/index.php\/2019\/12\/05\/servicewuste\/"]}]},{"@type":"ImageObject","inLanguage":"de","@id":"https:\/\/alarna.de\/index.php\/2019\/12\/05\/servicewuste\/#primaryimage","url":"https:\/\/alarna.de\/wp-content\/uploads\/2019\/12\/Maske-1.jpg","contentUrl":"https:\/\/alarna.de\/wp-content\/uploads\/2019\/12\/Maske-1.jpg","width":1920,"height":1080},{"@type":"BreadcrumbList","@id":"https:\/\/alarna.de\/index.php\/2019\/12\/05\/servicewuste\/#breadcrumb","itemListElement":[{"@type":"ListItem","position":1,"name":"Startseite","item":"https:\/\/alarna.de\/"},{"@type":"ListItem","position":2,"name":"Servicew\u00fcste mal anders"}]},{"@type":"WebSite","@id":"https:\/\/alarna.de\/#website","url":"https:\/\/alarna.de\/","name":"Alarnas Welt","description":"Tierisch viel los","potentialAction":[{"@type":"SearchAction","target":{"@type":"EntryPoint","urlTemplate":"https:\/\/alarna.de\/?s={search_term_string}"},"query-input":{"@type":"PropertyValueSpecification","valueRequired":true,"valueName":"search_term_string"}}],"inLanguage":"de"},{"@type":"Person","@id":"https:\/\/alarna.de\/#\/schema\/person\/2180e0411189fcda16f7566f6543c8c3","name":"alarna","image":{"@type":"ImageObject","inLanguage":"de","@id":"https:\/\/secure.gravatar.com\/avatar\/9691087f32321ef1477af5cb5fdbbdf7bd0689736d54cde066e94e6bb5fba756?s=96&r=g","url":"https:\/\/secure.gravatar.com\/avatar\/9691087f32321ef1477af5cb5fdbbdf7bd0689736d54cde066e94e6bb5fba756?s=96&r=g","contentUrl":"https:\/\/secure.gravatar.com\/avatar\/9691087f32321ef1477af5cb5fdbbdf7bd0689736d54cde066e94e6bb5fba756?s=96&r=g","caption":"alarna"},"sameAs":["https:\/\/alarna.de"],"url":"https:\/\/alarna.de\/index.php\/author\/alarna\/"}]}},"_links":{"self":[{"href":"https:\/\/alarna.de\/index.php\/wp-json\/wp\/v2\/posts\/355","targetHints":{"allow":["GET"]}}],"collection":[{"href":"https:\/\/alarna.de\/index.php\/wp-json\/wp\/v2\/posts"}],"about":[{"href":"https:\/\/alarna.de\/index.php\/wp-json\/wp\/v2\/types\/post"}],"author":[{"embeddable":true,"href":"https:\/\/alarna.de\/index.php\/wp-json\/wp\/v2\/users\/1"}],"replies":[{"embeddable":true,"href":"https:\/\/alarna.de\/index.php\/wp-json\/wp\/v2\/comments?post=355"}],"version-history":[{"count":0,"href":"https:\/\/alarna.de\/index.php\/wp-json\/wp\/v2\/posts\/355\/revisions"}],"wp:featuredmedia":[{"embeddable":true,"href":"https:\/\/alarna.de\/index.php\/wp-json\/wp\/v2\/media\/358"}],"wp:attachment":[{"href":"https:\/\/alarna.de\/index.php\/wp-json\/wp\/v2\/media?parent=355"}],"wp:term":[{"taxonomy":"category","embeddable":true,"href":"https:\/\/alarna.de\/index.php\/wp-json\/wp\/v2\/categories?post=355"},{"taxonomy":"post_tag","embeddable":true,"href":"https:\/\/alarna.de\/index.php\/wp-json\/wp\/v2\/tags?post=355"}],"curies":[{"name":"wp","href":"https:\/\/api.w.org\/{rel}","templated":true}]}}