{"id":3414,"date":"2025-01-21T13:37:18","date_gmt":"2025-01-21T12:37:18","guid":{"rendered":"https:\/\/alarna.de\/?p=3414"},"modified":"2025-01-21T13:37:21","modified_gmt":"2025-01-21T12:37:21","slug":"wahlkampf-2025","status":"publish","type":"post","link":"https:\/\/alarna.de\/index.php\/2025\/01\/21\/wahlkampf-2025\/","title":{"rendered":"Wahlkampf 2025"},"content":{"rendered":"\n<p>Und wieder einmal ist es soweit, wir befinden uns mitten im Wahlkampf. Wieder einmal stellen sich mir die Haare auf, wenn ich die Plakate der einzelnen Parteien sehe und lese, was sie dort f\u00fcr Slogans stehen haben.<\/p>\n\n\n\n<h2 class=\"wp-block-heading\">Volt &#8211; Wir holen uns die Zukunft zur\u00fcck<\/h2>\n\n\n\n<p>Ganz toll &#8211; nicht. Die Zukunft ist etwas, das f\u00fcr uns unerreichbar ist. Wir sind sozusagen gefangen in der Gegenwart. Wir k\u00f6nnen die Vergangenheit nicht \u00e4ndern und die Zukunft &#8211; da sie nicht einmal stattgefunden hat &#8211; auch nicht zur\u00fcck holen. Von wo auch immer. Wir k\u00f6nnen mit unseren gegenw\u00e4rtigen Handlungen die Zukunft beeinflussen, man k\u00f6nnte also sagen, wir gestalten die Zukunft neu, aber zur\u00fcck holen? Das w\u00fcrde bedeuten, sie h\u00e4tte schon stattgefunden. Womit sie Vergangenheit w\u00e4re. Setzen, sechs.<\/p>\n\n\n\n<h2 class=\"wp-block-heading\">Die Linke &#8211; Ist Dein Dorf unter Wasser, steigen Reiche auf die Yacht.<\/h2>\n\n\n\n<p>Dieser Slogan ist so derma\u00dfen d\u00e4mlich, da fehlen einem doch glatt die Worte. Vor meinem geistigen Auge f\u00e4hrt gerade eine riesige Yacht durchs Ahrtal, zwischen aus den Fluten ragenden H\u00e4userd\u00e4chern hindurch, an Bord Champagner trinkende Personen. Was haben sich die Werbeleute dabei gedacht? Haben sie dabei \u00fcberhaupt gedacht? Oder sind sie im Champagnerrausch \u00fcber die Tastatur gefallen? Genauso h\u00fcbsch ein anderer Slogan: Ist Deine Miete zu hoch, freut sich der Vermieter. Nein. Nein, nein, nein. Ist meine Miete zu hoch, muss ich umziehen oder mache Mietschulden, beides keine Situationen, \u00fcber die sich ein Vermieter freut. Ersteres bedeutet Arbeitsaufwand, Letzteres bedeutet leere Kassen. Noch ein Spruch: Ist Dein Einkauf zu teuer, macht ein Konzern Kasse. NEIN! Ist der Einkauf zu teuer, kann man ihn nicht bezahlen. Da macht also kein Konzern Kasse. Angeblich setzen die Linken ja auf soziale Themen. So nicht, setzen, sechs.<\/p>\n\n\n\n<h2 class=\"wp-block-heading\">B\u00fcndnis 90\/Die Gr\u00fcnen &#8211; Natur und Klima: Sch\u00fctzen! <\/h2>\n\n\n\n<p>Man ist echt fassungslos, wenn man das mal so durchdenkt. Die Gr\u00fcnen wollen also die Natur und das Klima sch\u00fctzen. Jetzt auf einmal. Nachdem sie in den letzten drei Jahren in der Ampelregierung alles getan haben, um Natur und Klima zu zerst\u00f6ren. Das f\u00e4ngt damit an, dass Gas aus den USA importiert wird. Frackinggas. Das schon bei der F\u00f6rderung die Natur belastet, dann umweltbelastend verfl\u00fcssigt wird und noch umweltbelastender per Schiff \u00fcber den gro\u00dfen Teich geschippert wird, um dann in umweltbelastenden LNG Terminals zu landen.  Oder Gas- und \u00d6lheizungen f\u00fcr alle verbieten und auf W\u00e4rmepumpen setzen, deren Strombedarf durch den Bau neuer Gaskraftwerke gedeckt werden soll. Sie wollen auch Schulen und Kitas sanieren. Das ist jetzt gar nicht Bundessache sondern L\u00e4ndersache aber vielleicht wollen sie das bezuschussen? H\u00e4tten sie das nicht in den letzten drei Jahren schon tun k\u00f6nnen? Frieden in Freiheit sichern, sagt die Partei, deren weibliches Aush\u00e4ngeschild verk\u00fcndet hat, dass wir im Krieg mit Russland sind. Ja nee&#8230;ist klar. Leben wollen sie bezahlbar machen, nachdem sie mit ihrer Energiepolitik die Preise so derma\u00dfen in die H\u00f6he getrieben haben, dass dem Otto-Normal-Verbraucher die Tr\u00e4nen in den Augen stehen. Ich vergebe aber keine sechs, sondern eine f\u00fcnf, f\u00fcr die Zuversicht von Habeck, der die tats\u00e4chlich empfindet und zuversichtlich ist, dass er der neue Kanzler wird. Auch tr\u00e4umen darf erlaubt sein.<\/p>\n\n\n\n<h2 class=\"wp-block-heading\">AfD &#8211; Zeit f\u00fcr sichere Grenzen<\/h2>\n\n\n\n<p>Die AfD setzt auf Zeit. Zum Beispiel Zeit f\u00fcr sichere Grenzen. Ja wirklich, endlich sichere Grenzen, das w\u00e4re doch wirklich beruhigend. Wenn unsere Grenzen denn unsicher w\u00e4ren. Welche Grenzen meint die AfD? Welche will sie denn sichern? Die in Syrien? Pal\u00e4stina? In der Ukraine? Die Antwort bleibt sie uns schuldig. Daf\u00fcr will sie Zeit, dass sich Arbeit wieder lohnt. Das wollen wir wahrscheinlich alle, dummerweise handelt die AfD aber nicht danach. Denn bei der Abstimmung \u00fcber die Erh\u00f6hung des Mindestlohns hat sie vornehm abgelehnt. Ging ja auch nur um das gemeine Fu\u00dfvolk und nicht um die oberen Zehntausend. Dann will sie Zeit f\u00fcr ein Land, das Heimat bleibt. Hier kann ich nur verst\u00e4ndnislos mit dem Kopf sch\u00fctteln. Was um alles in der Welt soll das bedeuten? Welches Land l\u00e4uft denn gerade Gefahr keine Heimat mehr zu sein? Deutschland ja wohl kaum, also f\u00fcr welches Land setzen sie sich da ein? Ein weiteres R\u00e4tsel, wie das um die sicheren Grenzen. Dann ist es f\u00fcr sie Zeit, Illegale abzuschieben. Netter Versuch. Erstens werden Illegale schon abgeschoben und zweitens ist das leider nicht so einfach. Denn um sie abzuschieben, muss es ein Land geben, dass sie aufnimmt. Bevorzugt das Heimatland, aber die wollen die Leute auch nicht. Die AfD wei\u00df um die Gesetze und Probleme, st\u00f6\u00dft also nur hei\u00dfe Luft aus, denn \u00e4ndern kann sie das auch nicht. Zeit f\u00fcr Kernkraft. Der war auch gut. Selbst wenn wir das wollten, es geht gar nicht. Laut den Energiekonzernen sind die Abbauarbeiten der Kernkraftwerke schon zu weit fortgeschritten, um sie wieder in Betrieb zu nehmen.  Es m\u00fcssten also neue Kraftwerke gebaut werden aber aus ganz komischen Gr\u00fcnden will die ja keiner vor der T\u00fcr haben. Zeit f\u00fcr Frieden &#8211; okay, laut unserer Au\u00dfenministerin sind wir ja im Krieg, allerdings finden keine Kriegshandlungen statt. Aber da kann man zustimmen. Bei Zeit, wieder stolz zu sein bin ich wieder raus. Worauf? Warum sind wir es jetzt nicht? Zeit f\u00fcr Alice Weidel. Nein, lieber nicht. Alice Weidel ist die Galionsfigur der AfD, nur ist sie nicht der Kapit\u00e4n. Das sind rechte Genossen im Hintergrund, also nein, besser keine Zeit f\u00fcr Alice Weidel. Das Wahlprogramm bekommt eine sechs, setzen.<\/p>\n\n\n\n<h2 class=\"wp-block-heading\">CDU &#8211; Flei\u00df muss man wieder im Geldbeutel sp\u00fcren<\/h2>\n\n\n\n<p>Ich habe bisher erst zwei Wahlplakate der CDU gesehen. Eines unserer alterslosen CDU Mitb\u00fcrgerin Jana Schimke, die seit Jahren &#8211; wenn nicht Jahrzehnten &#8211; immer dasselbe Foto verwendet und keinerlei Botschaft hinterl\u00e4sst, au\u00dfer, dass sie wohl immer jung aussehen will und das oben erw\u00e4hnte Flei\u00df-Plakat.  Dazu kann ich nur sagen: H\u00e4ttet ihr mal F\u00dcR die Erh\u00f6hung des Mindestlohns gestimmt, dann k\u00f6nnte ich euch glatt ernst nehmen. Auch die CDU will wieder stolz sein, sagt aber auch worauf. N\u00e4mlich auf unser Land. Warum sie derzeit nicht stolz darauf sind, ich wei\u00df es nicht. Vielleicht entdecke ich ja demn\u00e4chst weitere Plakate, dann trage ich sie nach. Bisher: setzen, sechs. Keine Botschaft und eine, die den bisherigen Handlungen widerspricht. Ich sage nur: 16 Jahre Deutschland herunterwirtschaften, alles aufnehmen, weil wir schaffen das ja und jetzt so tun als w\u00e4re man Heilsbringer.<\/p>\n\n\n\n<h2 class=\"wp-block-heading\">FDP &#8211; Alles l\u00e4sst sich \u00e4ndern<\/h2>\n\n\n\n<p>Dies ist keine vertrauenerweckende Botschaft. So nach dem Motto: Ich probiere mal was aus, wenn es nicht klappt, \u00e4ndere ich es wieder. Sicherheit bringt das nicht. Dann besonders h\u00fcbsch: Vater Staat ist nicht Dein Erziehungsberechtigter. H\u00e4tte man da das &#8222;Vater&#8220; nicht weglassen m\u00fcssen? So ist das doch sehr widerspr\u00fcchlich. Dann Sch\u00f6nreden ist keine Wirtschaftsleistung. Da stehe ich wieder und frage mich, was will die FDP uns damit sagen? Beziehungsweise was will sie denn tun? Dieser Wahlslogan verwirrt mich, weil mir hier absolut der Zusammenhang fehlt. Schulden. Kinder haften f\u00fcr ihre Eltern. Netter Slogan. Wenn ich sterbe, k\u00f6nnen meine Kinder das Erbe ausschlagen, dann haften sie f\u00fcr nichts. Staat und Personen sind Unterschiede. Ich bin mir auch sicher, wenn Kinder eine marode Br\u00fccke herunterst\u00fcrzen und dabei zu Tode kommen, h\u00e4tten sie gerne f\u00fcr die Schulden gehaftet, die die Sanierung der Br\u00fccke gekostet h\u00e4tte. Setzen, sechs.<\/p>\n\n\n\n<h2 class=\"wp-block-heading\">SPD &#8211; Mehr f\u00fcr Dich. Besser f\u00fcr Deutschland<\/h2>\n\n\n\n<p>Als ich das sah, w\u00e4re ich vor Schreck fast \u00fcber die Mittellinie gefahren. Das Konterfei unseres Noch-Kanzlers auf schwarz-rot-goldenem Hintergrund. Mehr f\u00fcr Dich. Mehr was? Mehr Cum-Ex? Mehr vergessene Taten? Mehr unf\u00e4hige Kanzlerarbeit? Mehr davon, seine eigenen Leute nicht einigen zu k\u00f6nnen? Das soll besser f\u00fcr Deutschland sein? Der Kanzler, der abgew\u00e4hlt wurde, will besser f\u00fcr Deutschland sein? Auff\u00e4llig ist, dass auf dem Plakat der obere Teil des Kopfes von Olaf Scholz fehlt. Vielleicht mehr Hirn f\u00fcr Scholz? Mit Sicherheit stabile Renten. Sagt die Partei, die mit daf\u00fcr verantwortlich ist, dass unsere Rentenkassen f\u00fcr bestimmungsfremde Ausgaben missbraucht werden und wurden. Setzen, sechs Minus.<\/p>\n\n\n\n<p>BSW &#8211; Unser Land verdient mehr<\/p>\n\n\n\n<p>Ich hatte schon bef\u00fcrchtet, dass die Partei meiner Wahl auch eine inkompetente Werbeagentur beauftragt hat. Gl\u00fccklicherweise ist es nicht so schlimm, wie ich bef\u00fcrchtet habe. Unser Land verdient mehr Kompetenz &#8211; aber die alten Parteien haben versagt.  Da kann ich sogar vorbehaltlos zustimmen. Unser Land w\u00fcnscht sich Frieden. Da war es dann doch. Wir haben Frieden, Sahra. Auch wenn Annalena was anderes sagt. Unser Land verdient mehr Lehrer und \u00c4rzte. Streng genommen nicht das Land, sondern die Leute. Ich h\u00e4tte da ein: WIR verdienen mehr Lehrer und \u00c4rzte formuliert. Das Land selbst kann da nichts mit anfangen. Haarspalterei? Ich stehe voll und ganz hinter dem BSW, aber ich muss ja fair bleiben und da kann ich nicht hier \u00fcber etwas hinwegsehen, was ich bei anderen anprangere. Unser Land verdient mehr Rente. Wie lange hat es denn gearbeitet und wie viele Rentenpunkte? Liebe Sahra, ich mache mein Kreuzchen trotzdem beim BSW, aber ich kann einfach nicht aus meiner Haut. Dumme Spr\u00fcche sind dumme Spr\u00fcche. Unser Land w\u00fcnscht sich weniger Migration. Mehr Wohnungen. Ich bin sicher, unser Land w\u00fcnscht sich weniger Menschen und mehr Platz f\u00fcr sich. Sorry Sahra, aber auch hier: setzen, sechs.<\/p>\n","protected":false},"excerpt":{"rendered":"<p>Und wieder einmal ist es soweit, wir befinden uns mitten im Wahlkampf. Wieder einmal stellen sich mir die Haare auf, wenn ich die Plakate der einzelnen Parteien sehe und lese, was sie dort f\u00fcr Slogans stehen haben. Volt &#8211; Wir holen uns die Zukunft zur\u00fcck Ganz toll &#8211; nicht. Die Zukunft ist etwas, das f\u00fcr &hellip; <\/p>\n<p class=\"link-more\"><a href=\"https:\/\/alarna.de\/index.php\/2025\/01\/21\/wahlkampf-2025\/\" class=\"more-link\"><span class=\"screen-reader-text\">\u201eWahlkampf 2025\u201c <\/span>weiterlesen<\/a><\/p>\n","protected":false},"author":1,"featured_media":3422,"comment_status":"open","ping_status":"closed","sticky":false,"template":"","format":"standard","meta":{"footnotes":""},"categories":[1,9],"tags":[148,151,152,150],"class_list":["post-3414","post","type-post","status-publish","format-standard","has-post-thumbnail","hentry","category-allgemein","category-things","tag-bundestagswahl","tag-parteien","tag-versprechen","tag-wahlkampf"],"yoast_head":"<!-- This site is optimized with the Yoast SEO plugin v27.5 - https:\/\/yoast.com\/product\/yoast-seo-wordpress\/ -->\n<title>Wahlkampf 2025 - Alarnas Welt<\/title>\n<meta name=\"description\" content=\"Der Wahlkampf ist er\u00f6ffnet und die Slogans auf den Plakaten der Parteien sind wieder einmal einfach nur grottenschlecht. Lest hier warum.\" \/>\n<meta name=\"robots\" content=\"index, follow, max-snippet:-1, max-image-preview:large, max-video-preview:-1\" \/>\n<link rel=\"canonical\" href=\"https:\/\/alarna.de\/index.php\/2025\/01\/21\/wahlkampf-2025\/\" \/>\n<meta property=\"og:locale\" content=\"de_DE\" \/>\n<meta property=\"og:type\" content=\"article\" \/>\n<meta property=\"og:title\" content=\"Wahlkampf 2025 - Alarnas Welt\" \/>\n<meta property=\"og:description\" content=\"Der Wahlkampf ist er\u00f6ffnet und die Slogans auf den Plakaten der Parteien sind wieder einmal einfach nur grottenschlecht. Lest hier warum.\" \/>\n<meta property=\"og:url\" content=\"https:\/\/alarna.de\/index.php\/2025\/01\/21\/wahlkampf-2025\/\" \/>\n<meta property=\"og:site_name\" content=\"Alarnas Welt\" \/>\n<meta property=\"article:published_time\" content=\"2025-01-21T12:37:18+00:00\" \/>\n<meta property=\"article:modified_time\" content=\"2025-01-21T12:37:21+00:00\" \/>\n<meta property=\"og:image\" content=\"https:\/\/alarna.de\/wp-content\/uploads\/2025\/01\/Bundestagswahl-2025-AdobeStock_1119444787-small.jpg\" \/>\n\t<meta property=\"og:image:width\" content=\"1000\" \/>\n\t<meta property=\"og:image:height\" content=\"384\" \/>\n\t<meta property=\"og:image:type\" content=\"image\/jpeg\" \/>\n<meta name=\"author\" content=\"alarna\" \/>\n<meta name=\"twitter:card\" content=\"summary_large_image\" \/>\n<meta name=\"twitter:label1\" content=\"Verfasst von\" \/>\n\t<meta name=\"twitter:data1\" content=\"alarna\" \/>\n\t<meta name=\"twitter:label2\" content=\"Gesch\u00e4tzte Lesezeit\" \/>\n\t<meta name=\"twitter:data2\" content=\"9\u00a0Minuten\" \/>\n<script type=\"application\/ld+json\" class=\"yoast-schema-graph\">{\"@context\":\"https:\\\/\\\/schema.org\",\"@graph\":[{\"@type\":\"Article\",\"@id\":\"https:\\\/\\\/alarna.de\\\/index.php\\\/2025\\\/01\\\/21\\\/wahlkampf-2025\\\/#article\",\"isPartOf\":{\"@id\":\"https:\\\/\\\/alarna.de\\\/index.php\\\/2025\\\/01\\\/21\\\/wahlkampf-2025\\\/\"},\"author\":{\"name\":\"alarna\",\"@id\":\"https:\\\/\\\/alarna.de\\\/#\\\/schema\\\/person\\\/2180e0411189fcda16f7566f6543c8c3\"},\"headline\":\"Wahlkampf 2025\",\"datePublished\":\"2025-01-21T12:37:18+00:00\",\"dateModified\":\"2025-01-21T12:37:21+00:00\",\"mainEntityOfPage\":{\"@id\":\"https:\\\/\\\/alarna.de\\\/index.php\\\/2025\\\/01\\\/21\\\/wahlkampf-2025\\\/\"},\"wordCount\":1600,\"commentCount\":0,\"image\":{\"@id\":\"https:\\\/\\\/alarna.de\\\/index.php\\\/2025\\\/01\\\/21\\\/wahlkampf-2025\\\/#primaryimage\"},\"thumbnailUrl\":\"https:\\\/\\\/alarna.de\\\/wp-content\\\/uploads\\\/2025\\\/01\\\/Bundestagswahl-2025-AdobeStock_1119444787-small.jpg\",\"keywords\":[\"Bundestagswahl\",\"Parteien\",\"versprechen\",\"Wahlkampf\"],\"articleSection\":{\"1\":\"Zweibeiner\"},\"inLanguage\":\"de\",\"potentialAction\":[{\"@type\":\"CommentAction\",\"name\":\"Comment\",\"target\":[\"https:\\\/\\\/alarna.de\\\/index.php\\\/2025\\\/01\\\/21\\\/wahlkampf-2025\\\/#respond\"]}]},{\"@type\":\"WebPage\",\"@id\":\"https:\\\/\\\/alarna.de\\\/index.php\\\/2025\\\/01\\\/21\\\/wahlkampf-2025\\\/\",\"url\":\"https:\\\/\\\/alarna.de\\\/index.php\\\/2025\\\/01\\\/21\\\/wahlkampf-2025\\\/\",\"name\":\"Wahlkampf 2025 - Alarnas Welt\",\"isPartOf\":{\"@id\":\"https:\\\/\\\/alarna.de\\\/#website\"},\"primaryImageOfPage\":{\"@id\":\"https:\\\/\\\/alarna.de\\\/index.php\\\/2025\\\/01\\\/21\\\/wahlkampf-2025\\\/#primaryimage\"},\"image\":{\"@id\":\"https:\\\/\\\/alarna.de\\\/index.php\\\/2025\\\/01\\\/21\\\/wahlkampf-2025\\\/#primaryimage\"},\"thumbnailUrl\":\"https:\\\/\\\/alarna.de\\\/wp-content\\\/uploads\\\/2025\\\/01\\\/Bundestagswahl-2025-AdobeStock_1119444787-small.jpg\",\"datePublished\":\"2025-01-21T12:37:18+00:00\",\"dateModified\":\"2025-01-21T12:37:21+00:00\",\"author\":{\"@id\":\"https:\\\/\\\/alarna.de\\\/#\\\/schema\\\/person\\\/2180e0411189fcda16f7566f6543c8c3\"},\"description\":\"Der Wahlkampf ist er\u00f6ffnet und die Slogans auf den Plakaten der Parteien sind wieder einmal einfach nur grottenschlecht. Lest hier warum.\",\"breadcrumb\":{\"@id\":\"https:\\\/\\\/alarna.de\\\/index.php\\\/2025\\\/01\\\/21\\\/wahlkampf-2025\\\/#breadcrumb\"},\"inLanguage\":\"de\",\"potentialAction\":[{\"@type\":\"ReadAction\",\"target\":[\"https:\\\/\\\/alarna.de\\\/index.php\\\/2025\\\/01\\\/21\\\/wahlkampf-2025\\\/\"]}]},{\"@type\":\"ImageObject\",\"inLanguage\":\"de\",\"@id\":\"https:\\\/\\\/alarna.de\\\/index.php\\\/2025\\\/01\\\/21\\\/wahlkampf-2025\\\/#primaryimage\",\"url\":\"https:\\\/\\\/alarna.de\\\/wp-content\\\/uploads\\\/2025\\\/01\\\/Bundestagswahl-2025-AdobeStock_1119444787-small.jpg\",\"contentUrl\":\"https:\\\/\\\/alarna.de\\\/wp-content\\\/uploads\\\/2025\\\/01\\\/Bundestagswahl-2025-AdobeStock_1119444787-small.jpg\",\"width\":1000,\"height\":384,\"caption\":\"Bundestagswahl 2025\"},{\"@type\":\"BreadcrumbList\",\"@id\":\"https:\\\/\\\/alarna.de\\\/index.php\\\/2025\\\/01\\\/21\\\/wahlkampf-2025\\\/#breadcrumb\",\"itemListElement\":[{\"@type\":\"ListItem\",\"position\":1,\"name\":\"Startseite\",\"item\":\"https:\\\/\\\/alarna.de\\\/\"},{\"@type\":\"ListItem\",\"position\":2,\"name\":\"Wahlkampf 2025\"}]},{\"@type\":\"WebSite\",\"@id\":\"https:\\\/\\\/alarna.de\\\/#website\",\"url\":\"https:\\\/\\\/alarna.de\\\/\",\"name\":\"Alarnas Welt\",\"description\":\"Tierisch viel los\",\"potentialAction\":[{\"@type\":\"SearchAction\",\"target\":{\"@type\":\"EntryPoint\",\"urlTemplate\":\"https:\\\/\\\/alarna.de\\\/?s={search_term_string}\"},\"query-input\":{\"@type\":\"PropertyValueSpecification\",\"valueRequired\":true,\"valueName\":\"search_term_string\"}}],\"inLanguage\":\"de\"},{\"@type\":\"Person\",\"@id\":\"https:\\\/\\\/alarna.de\\\/#\\\/schema\\\/person\\\/2180e0411189fcda16f7566f6543c8c3\",\"name\":\"alarna\",\"image\":{\"@type\":\"ImageObject\",\"inLanguage\":\"de\",\"@id\":\"https:\\\/\\\/secure.gravatar.com\\\/avatar\\\/9691087f32321ef1477af5cb5fdbbdf7bd0689736d54cde066e94e6bb5fba756?s=96&r=g\",\"url\":\"https:\\\/\\\/secure.gravatar.com\\\/avatar\\\/9691087f32321ef1477af5cb5fdbbdf7bd0689736d54cde066e94e6bb5fba756?s=96&r=g\",\"contentUrl\":\"https:\\\/\\\/secure.gravatar.com\\\/avatar\\\/9691087f32321ef1477af5cb5fdbbdf7bd0689736d54cde066e94e6bb5fba756?s=96&r=g\",\"caption\":\"alarna\"},\"sameAs\":[\"https:\\\/\\\/alarna.de\"],\"url\":\"https:\\\/\\\/alarna.de\\\/index.php\\\/author\\\/alarna\\\/\"}]}<\/script>\n<!-- \/ Yoast SEO plugin. -->","yoast_head_json":{"title":"Wahlkampf 2025 - Alarnas Welt","description":"Der Wahlkampf ist er\u00f6ffnet und die Slogans auf den Plakaten der Parteien sind wieder einmal einfach nur grottenschlecht. Lest hier warum.","robots":{"index":"index","follow":"follow","max-snippet":"max-snippet:-1","max-image-preview":"max-image-preview:large","max-video-preview":"max-video-preview:-1"},"canonical":"https:\/\/alarna.de\/index.php\/2025\/01\/21\/wahlkampf-2025\/","og_locale":"de_DE","og_type":"article","og_title":"Wahlkampf 2025 - Alarnas Welt","og_description":"Der Wahlkampf ist er\u00f6ffnet und die Slogans auf den Plakaten der Parteien sind wieder einmal einfach nur grottenschlecht. Lest hier warum.","og_url":"https:\/\/alarna.de\/index.php\/2025\/01\/21\/wahlkampf-2025\/","og_site_name":"Alarnas Welt","article_published_time":"2025-01-21T12:37:18+00:00","article_modified_time":"2025-01-21T12:37:21+00:00","og_image":[{"width":1000,"height":384,"url":"https:\/\/alarna.de\/wp-content\/uploads\/2025\/01\/Bundestagswahl-2025-AdobeStock_1119444787-small.jpg","type":"image\/jpeg"}],"author":"alarna","twitter_card":"summary_large_image","twitter_misc":{"Verfasst von":"alarna","Gesch\u00e4tzte Lesezeit":"9\u00a0Minuten"},"schema":{"@context":"https:\/\/schema.org","@graph":[{"@type":"Article","@id":"https:\/\/alarna.de\/index.php\/2025\/01\/21\/wahlkampf-2025\/#article","isPartOf":{"@id":"https:\/\/alarna.de\/index.php\/2025\/01\/21\/wahlkampf-2025\/"},"author":{"name":"alarna","@id":"https:\/\/alarna.de\/#\/schema\/person\/2180e0411189fcda16f7566f6543c8c3"},"headline":"Wahlkampf 2025","datePublished":"2025-01-21T12:37:18+00:00","dateModified":"2025-01-21T12:37:21+00:00","mainEntityOfPage":{"@id":"https:\/\/alarna.de\/index.php\/2025\/01\/21\/wahlkampf-2025\/"},"wordCount":1600,"commentCount":0,"image":{"@id":"https:\/\/alarna.de\/index.php\/2025\/01\/21\/wahlkampf-2025\/#primaryimage"},"thumbnailUrl":"https:\/\/alarna.de\/wp-content\/uploads\/2025\/01\/Bundestagswahl-2025-AdobeStock_1119444787-small.jpg","keywords":["Bundestagswahl","Parteien","versprechen","Wahlkampf"],"articleSection":{"1":"Zweibeiner"},"inLanguage":"de","potentialAction":[{"@type":"CommentAction","name":"Comment","target":["https:\/\/alarna.de\/index.php\/2025\/01\/21\/wahlkampf-2025\/#respond"]}]},{"@type":"WebPage","@id":"https:\/\/alarna.de\/index.php\/2025\/01\/21\/wahlkampf-2025\/","url":"https:\/\/alarna.de\/index.php\/2025\/01\/21\/wahlkampf-2025\/","name":"Wahlkampf 2025 - Alarnas Welt","isPartOf":{"@id":"https:\/\/alarna.de\/#website"},"primaryImageOfPage":{"@id":"https:\/\/alarna.de\/index.php\/2025\/01\/21\/wahlkampf-2025\/#primaryimage"},"image":{"@id":"https:\/\/alarna.de\/index.php\/2025\/01\/21\/wahlkampf-2025\/#primaryimage"},"thumbnailUrl":"https:\/\/alarna.de\/wp-content\/uploads\/2025\/01\/Bundestagswahl-2025-AdobeStock_1119444787-small.jpg","datePublished":"2025-01-21T12:37:18+00:00","dateModified":"2025-01-21T12:37:21+00:00","author":{"@id":"https:\/\/alarna.de\/#\/schema\/person\/2180e0411189fcda16f7566f6543c8c3"},"description":"Der Wahlkampf ist er\u00f6ffnet und die Slogans auf den Plakaten der Parteien sind wieder einmal einfach nur grottenschlecht. Lest hier warum.","breadcrumb":{"@id":"https:\/\/alarna.de\/index.php\/2025\/01\/21\/wahlkampf-2025\/#breadcrumb"},"inLanguage":"de","potentialAction":[{"@type":"ReadAction","target":["https:\/\/alarna.de\/index.php\/2025\/01\/21\/wahlkampf-2025\/"]}]},{"@type":"ImageObject","inLanguage":"de","@id":"https:\/\/alarna.de\/index.php\/2025\/01\/21\/wahlkampf-2025\/#primaryimage","url":"https:\/\/alarna.de\/wp-content\/uploads\/2025\/01\/Bundestagswahl-2025-AdobeStock_1119444787-small.jpg","contentUrl":"https:\/\/alarna.de\/wp-content\/uploads\/2025\/01\/Bundestagswahl-2025-AdobeStock_1119444787-small.jpg","width":1000,"height":384,"caption":"Bundestagswahl 2025"},{"@type":"BreadcrumbList","@id":"https:\/\/alarna.de\/index.php\/2025\/01\/21\/wahlkampf-2025\/#breadcrumb","itemListElement":[{"@type":"ListItem","position":1,"name":"Startseite","item":"https:\/\/alarna.de\/"},{"@type":"ListItem","position":2,"name":"Wahlkampf 2025"}]},{"@type":"WebSite","@id":"https:\/\/alarna.de\/#website","url":"https:\/\/alarna.de\/","name":"Alarnas Welt","description":"Tierisch viel los","potentialAction":[{"@type":"SearchAction","target":{"@type":"EntryPoint","urlTemplate":"https:\/\/alarna.de\/?s={search_term_string}"},"query-input":{"@type":"PropertyValueSpecification","valueRequired":true,"valueName":"search_term_string"}}],"inLanguage":"de"},{"@type":"Person","@id":"https:\/\/alarna.de\/#\/schema\/person\/2180e0411189fcda16f7566f6543c8c3","name":"alarna","image":{"@type":"ImageObject","inLanguage":"de","@id":"https:\/\/secure.gravatar.com\/avatar\/9691087f32321ef1477af5cb5fdbbdf7bd0689736d54cde066e94e6bb5fba756?s=96&r=g","url":"https:\/\/secure.gravatar.com\/avatar\/9691087f32321ef1477af5cb5fdbbdf7bd0689736d54cde066e94e6bb5fba756?s=96&r=g","contentUrl":"https:\/\/secure.gravatar.com\/avatar\/9691087f32321ef1477af5cb5fdbbdf7bd0689736d54cde066e94e6bb5fba756?s=96&r=g","caption":"alarna"},"sameAs":["https:\/\/alarna.de"],"url":"https:\/\/alarna.de\/index.php\/author\/alarna\/"}]}},"_links":{"self":[{"href":"https:\/\/alarna.de\/index.php\/wp-json\/wp\/v2\/posts\/3414","targetHints":{"allow":["GET"]}}],"collection":[{"href":"https:\/\/alarna.de\/index.php\/wp-json\/wp\/v2\/posts"}],"about":[{"href":"https:\/\/alarna.de\/index.php\/wp-json\/wp\/v2\/types\/post"}],"author":[{"embeddable":true,"href":"https:\/\/alarna.de\/index.php\/wp-json\/wp\/v2\/users\/1"}],"replies":[{"embeddable":true,"href":"https:\/\/alarna.de\/index.php\/wp-json\/wp\/v2\/comments?post=3414"}],"version-history":[{"count":6,"href":"https:\/\/alarna.de\/index.php\/wp-json\/wp\/v2\/posts\/3414\/revisions"}],"predecessor-version":[{"id":3420,"href":"https:\/\/alarna.de\/index.php\/wp-json\/wp\/v2\/posts\/3414\/revisions\/3420"}],"wp:featuredmedia":[{"embeddable":true,"href":"https:\/\/alarna.de\/index.php\/wp-json\/wp\/v2\/media\/3422"}],"wp:attachment":[{"href":"https:\/\/alarna.de\/index.php\/wp-json\/wp\/v2\/media?parent=3414"}],"wp:term":[{"taxonomy":"category","embeddable":true,"href":"https:\/\/alarna.de\/index.php\/wp-json\/wp\/v2\/categories?post=3414"},{"taxonomy":"post_tag","embeddable":true,"href":"https:\/\/alarna.de\/index.php\/wp-json\/wp\/v2\/tags?post=3414"}],"curies":[{"name":"wp","href":"https:\/\/api.w.org\/{rel}","templated":true}]}}