{"id":3403,"date":"2025-01-04T13:58:20","date_gmt":"2025-01-04T12:58:20","guid":{"rendered":"https:\/\/alarna.de\/?p=3403"},"modified":"2025-01-04T13:58:22","modified_gmt":"2025-01-04T12:58:22","slug":"heute-mache-ich-mal-nur-was-fuer-mich","status":"publish","type":"post","link":"https:\/\/alarna.de\/index.php\/2025\/01\/04\/heute-mache-ich-mal-nur-was-fuer-mich\/","title":{"rendered":"&#8222;Heute mache ich mal nur was f\u00fcr mich!&#8220;"},"content":{"rendered":"\n<p>Kennt ihr das? Ihr beschlie\u00dft, an einem Tag nichts f\u00fcr andere zu tun, sondern nur f\u00fcr euch selbst. Etwas, das Spa\u00df macht. Ein Tag frei. Ich mache nur etwas f\u00fcr mich! Das hatte ich also f\u00fcr heute beschlossen.<\/p>\n\n\n\n<p>Das an sich ist ja schon unversch\u00e4mt. Ich mache auch Ausnahmen. F\u00fcr die Tiere, die ohne mich nichts zu essen bekommen und den Partner, der ebenfalls ohne mich verhungert. Okay, meiner verhungert nicht, aber macht sich nur ungesunde Sachen zu essen. Benutzt dabei T\u00f6pfe und Pfannen, die ich mir eigentlich f\u00fcr mein Essen &#8222;reserviert&#8220; habe. Gedanklich. Kann er also nicht wissen. Die Tiere f\u00fcttert er auch. Aber die W\u00e4sche muss noch erledigt werden und das Bett neu bezogen. Gut, wenigstens ein halber Tag f\u00fcr mich.<\/p>\n\n\n\n<p>Ich verschwinde also mit einer Tasse Kaffee im B\u00fcro im Nebengeb\u00e4ude, um dort ein wenig mit Kunstharz zu arbeiten. Eine T\u00e4tigkeit, die Konzentration erfordert und ungest\u00f6rte Zeit. Dummerweise auch Platz.<\/p>\n\n\n\n<p>Ein Blick auf den Schreibtisch offenbart das, was ich seit zwei Wochen denke: &#8222;Ich muss hier mal wieder aufr\u00e4umen.&#8220; Nur ist das heute mit &#8222;mal wieder&#8220; nicht getan, ich brauche dringend Platz und saubere Umgebung f\u00fcr mein Projekt.<\/p>\n\n\n\n<p>Seufzend beginne ich damit, den Schreibtisch komplett abzur\u00e4umen. Sogar die Monitore m\u00fcssen dran glauben. Dabei f\u00e4llt mein Mohnbild von der Wand. Warum auch immer. Also sch\u00f6n, Leiterchen holen, Bild wieder aufh\u00e4ngen. Hinter den Monitoren hat sich eine Menge Staub angesammelt. Ich r\u00fcge mich innerlich und nehme mir zum gef\u00fchlt millionsten Mal vor, in Zukunft auch dort Staub zu wischen. Jedes Mal, wenn ich sauber mache. Das wird vermutlich nicht passieren, ist wie so ein Neujahrsvorsatz. <\/p>\n\n\n\n<p>Nachdem der Tisch sauber ist, muss er wieder &#8222;einger\u00e4umt&#8220; werden. Dabei kann man direkt mal Sachen aussortieren oder wegr\u00e4umen, die man da nicht mehr braucht. Zum Beispiel die Rabattcoupons von Megazoo, die bereits im September letztes Jahr abgelaufen waren. Eine Lohnabrechnung meines Mannes, die versehentlich im B\u00fcro gelandet ist. Von Oktober letztes Jahr. Ein Korkuntersetzer mit einem eingravierten Waschb\u00e4r, den ich schon gesucht habe. Ach was, der ist niedlich, der bleibt. Ich benutze ihn zwar nicht &#8211; dann k\u00f6nnte man ja den Waschb\u00e4r nicht mehr sehen &#8211; aber er ist eben niedlich.<\/p>\n\n\n\n<p>Alte Speisekarten aus 2022 werden auch aussortiert. Ich bin sicher Hai Hau und Peking Garden haben mittlerweile andere Preise. Ich m\u00fcsste mal wieder hin und neue mitbringen. Die dann wieder hier rumliegen.<\/p>\n\n\n\n<p>Ich entdecke auch Notizbl\u00f6cke, die ich in den letzten Wochen dringend gebraucht h\u00e4tte. Hab mich mit Post-it Zetteln beholfen, die jetzt auch sortiert werden m\u00fcssen. Hrmpf. Ich h\u00f6re mich an wie einer unserer Waschb\u00e4ren.<\/p>\n\n\n\n<p>Dann finde ich noch einen uralten Kartoffelchips, der aussieht wie eine Frucht am Stiel. Den hatte ich behalten, um ihn meinem Mann zu zeigen. Habe ich das eigentlich gemacht? Ich sollte ihn vorsichtshalber behalten.<\/p>\n\n\n\n<p>Eine Stunde sp\u00e4ter ist der Schreibtisch picobello, sogar der Drucker wurde feucht abgewischt. Jetzt brauche ich dringend eine neue Packung Feuchtt\u00fccher, sonst wird das mit dem Kunstharzen nix.<\/p>\n\n\n\n<p>Der Kaffee ist alle und ich habe Hunger. Ein Blick auf den Tisch im B\u00fcro verr\u00e4t mir, dass da auch noch der Staub weg muss. Ich muss also zur\u00fcck ins Haus, um mir dort neue T\u00fccher zu holen, frischen Kaffee und eine Kleinigkeit zu essen. Vielleicht ist ja in der Zwischenzeit auch die Waschmaschine fertig, dann kann ich die n\u00e4chste Ladung reinwerfen und die saubere W\u00e4sche trocknen. Bei der Gelegenheit k\u00f6nnte ich auch das Bett abziehen und die schmutzigen Bettlaken waschen. Au\u00dferdem war ich noch nicht im Waschb\u00e4rgehege, um dort nach dem Rechten zu sehen und frisches Wasser bereit zu stellen. Da es friert, ist ja die Gartenpumpe aus, da muss ich mit der gro\u00dfen Gie\u00dfkanne kommen. Wenn ich schon mal dort bin, kann ich auch ihre Toilette reinigen und neues Streu einf\u00fcllen. Vielleicht kommt ja eins der B\u00e4rchen raus und schmust mit mir.<\/p>\n\n\n\n<p>Mittlerweile ist es dunkel und die Zeit irgendwie ohne was zu sagen einfach davongeeilt. Ich habe heute eine Menge geschafft aber irgendwie war das nicht mein Plan gewesen. Naja, vielleicht bin ich ja morgen noch in der Stimmung, um dann wirklich mal nur etwas f\u00fcr mich zu machen.<\/p>\n","protected":false},"excerpt":{"rendered":"<p>Kennt ihr das? Ihr beschlie\u00dft, an einem Tag nichts f\u00fcr andere zu tun, sondern nur f\u00fcr euch selbst. Etwas, das Spa\u00df macht. Ein Tag frei. Ich mache nur etwas f\u00fcr mich! Das hatte ich also f\u00fcr heute beschlossen. Das an sich ist ja schon unversch\u00e4mt. Ich mache auch Ausnahmen. F\u00fcr die Tiere, die ohne mich &hellip; <\/p>\n<p class=\"link-more\"><a href=\"https:\/\/alarna.de\/index.php\/2025\/01\/04\/heute-mache-ich-mal-nur-was-fuer-mich\/\" class=\"more-link\"><span class=\"screen-reader-text\">\u201e&#8222;Heute mache ich mal nur was f\u00fcr mich!&#8220;\u201c <\/span>weiterlesen<\/a><\/p>\n","protected":false},"author":1,"featured_media":3404,"comment_status":"open","ping_status":"closed","sticky":false,"template":"","format":"standard","meta":{"footnotes":""},"categories":[1,9],"tags":[142,143,120],"class_list":["post-3403","post","type-post","status-publish","format-standard","has-post-thumbnail","hentry","category-allgemein","category-things","tag-freier-tag","tag-ich-mache-etwas-fuer-mich","tag-tagebuch"],"yoast_head":"<!-- This site is optimized with the Yoast SEO plugin v27.4 - https:\/\/yoast.com\/product\/yoast-seo-wordpress\/ -->\n<title>&quot;Heute mache ich mal nur was f\u00fcr mich!&quot; - Alarnas Welt<\/title>\n<meta name=\"description\" content=\"Kennst du das? Du nimmst dir einen Tag nur f\u00fcr dich vor \u2013 und pl\u00f6tzlich erledigst du alles M\u00f6gliche, au\u00dfer dich zu entspannen. Ein humorvoll-ironischer Blick auf die T\u00fccken des &#039;Me-Time&#039;-Vorsatzes und wie der Alltag uns doch immer wieder einholt.\" \/>\n<meta name=\"robots\" content=\"index, follow, max-snippet:-1, max-image-preview:large, max-video-preview:-1\" \/>\n<link rel=\"canonical\" href=\"https:\/\/alarna.de\/index.php\/2025\/01\/04\/heute-mache-ich-mal-nur-was-fuer-mich\/\" \/>\n<meta property=\"og:locale\" content=\"de_DE\" \/>\n<meta property=\"og:type\" content=\"article\" \/>\n<meta property=\"og:title\" content=\"&quot;Heute mache ich mal nur was f\u00fcr mich!&quot; - Alarnas Welt\" \/>\n<meta property=\"og:description\" content=\"Kennst du das? Du nimmst dir einen Tag nur f\u00fcr dich vor \u2013 und pl\u00f6tzlich erledigst du alles M\u00f6gliche, au\u00dfer dich zu entspannen. Ein humorvoll-ironischer Blick auf die T\u00fccken des &#039;Me-Time&#039;-Vorsatzes und wie der Alltag uns doch immer wieder einholt.\" \/>\n<meta property=\"og:url\" content=\"https:\/\/alarna.de\/index.php\/2025\/01\/04\/heute-mache-ich-mal-nur-was-fuer-mich\/\" \/>\n<meta property=\"og:site_name\" content=\"Alarnas Welt\" \/>\n<meta property=\"article:published_time\" content=\"2025-01-04T12:58:20+00:00\" \/>\n<meta property=\"article:modified_time\" content=\"2025-01-04T12:58:22+00:00\" \/>\n<meta property=\"og:image\" content=\"https:\/\/alarna.de\/wp-content\/uploads\/2025\/01\/Kartoffelchips.jpg\" \/>\n\t<meta property=\"og:image:width\" content=\"1824\" \/>\n\t<meta property=\"og:image:height\" content=\"840\" \/>\n\t<meta property=\"og:image:type\" content=\"image\/jpeg\" \/>\n<meta name=\"author\" content=\"alarna\" \/>\n<meta name=\"twitter:card\" content=\"summary_large_image\" \/>\n<meta name=\"twitter:label1\" content=\"Verfasst von\" \/>\n\t<meta name=\"twitter:data1\" content=\"alarna\" \/>\n\t<meta name=\"twitter:label2\" content=\"Gesch\u00e4tzte Lesezeit\" \/>\n\t<meta name=\"twitter:data2\" content=\"4\u00a0Minuten\" \/>\n<script type=\"application\/ld+json\" class=\"yoast-schema-graph\">{\"@context\":\"https:\\\/\\\/schema.org\",\"@graph\":[{\"@type\":\"Article\",\"@id\":\"https:\\\/\\\/alarna.de\\\/index.php\\\/2025\\\/01\\\/04\\\/heute-mache-ich-mal-nur-was-fuer-mich\\\/#article\",\"isPartOf\":{\"@id\":\"https:\\\/\\\/alarna.de\\\/index.php\\\/2025\\\/01\\\/04\\\/heute-mache-ich-mal-nur-was-fuer-mich\\\/\"},\"author\":{\"name\":\"alarna\",\"@id\":\"https:\\\/\\\/alarna.de\\\/#\\\/schema\\\/person\\\/2180e0411189fcda16f7566f6543c8c3\"},\"headline\":\"&#8222;Heute mache ich mal nur was f\u00fcr mich!&#8220;\",\"datePublished\":\"2025-01-04T12:58:20+00:00\",\"dateModified\":\"2025-01-04T12:58:22+00:00\",\"mainEntityOfPage\":{\"@id\":\"https:\\\/\\\/alarna.de\\\/index.php\\\/2025\\\/01\\\/04\\\/heute-mache-ich-mal-nur-was-fuer-mich\\\/\"},\"wordCount\":739,\"commentCount\":0,\"image\":{\"@id\":\"https:\\\/\\\/alarna.de\\\/index.php\\\/2025\\\/01\\\/04\\\/heute-mache-ich-mal-nur-was-fuer-mich\\\/#primaryimage\"},\"thumbnailUrl\":\"https:\\\/\\\/alarna.de\\\/wp-content\\\/uploads\\\/2025\\\/01\\\/Kartoffelchips.jpg\",\"keywords\":[\"freier Tag\",\"ich mache etwas f\u00fcr mich\",\"tagebuch\"],\"articleSection\":{\"1\":\"Zweibeiner\"},\"inLanguage\":\"de\",\"potentialAction\":[{\"@type\":\"CommentAction\",\"name\":\"Comment\",\"target\":[\"https:\\\/\\\/alarna.de\\\/index.php\\\/2025\\\/01\\\/04\\\/heute-mache-ich-mal-nur-was-fuer-mich\\\/#respond\"]}]},{\"@type\":\"WebPage\",\"@id\":\"https:\\\/\\\/alarna.de\\\/index.php\\\/2025\\\/01\\\/04\\\/heute-mache-ich-mal-nur-was-fuer-mich\\\/\",\"url\":\"https:\\\/\\\/alarna.de\\\/index.php\\\/2025\\\/01\\\/04\\\/heute-mache-ich-mal-nur-was-fuer-mich\\\/\",\"name\":\"\\\"Heute mache ich mal nur was f\u00fcr mich!\\\" - Alarnas Welt\",\"isPartOf\":{\"@id\":\"https:\\\/\\\/alarna.de\\\/#website\"},\"primaryImageOfPage\":{\"@id\":\"https:\\\/\\\/alarna.de\\\/index.php\\\/2025\\\/01\\\/04\\\/heute-mache-ich-mal-nur-was-fuer-mich\\\/#primaryimage\"},\"image\":{\"@id\":\"https:\\\/\\\/alarna.de\\\/index.php\\\/2025\\\/01\\\/04\\\/heute-mache-ich-mal-nur-was-fuer-mich\\\/#primaryimage\"},\"thumbnailUrl\":\"https:\\\/\\\/alarna.de\\\/wp-content\\\/uploads\\\/2025\\\/01\\\/Kartoffelchips.jpg\",\"datePublished\":\"2025-01-04T12:58:20+00:00\",\"dateModified\":\"2025-01-04T12:58:22+00:00\",\"author\":{\"@id\":\"https:\\\/\\\/alarna.de\\\/#\\\/schema\\\/person\\\/2180e0411189fcda16f7566f6543c8c3\"},\"description\":\"Kennst du das? Du nimmst dir einen Tag nur f\u00fcr dich vor \u2013 und pl\u00f6tzlich erledigst du alles M\u00f6gliche, au\u00dfer dich zu entspannen. Ein humorvoll-ironischer Blick auf die T\u00fccken des 'Me-Time'-Vorsatzes und wie der Alltag uns doch immer wieder einholt.\",\"breadcrumb\":{\"@id\":\"https:\\\/\\\/alarna.de\\\/index.php\\\/2025\\\/01\\\/04\\\/heute-mache-ich-mal-nur-was-fuer-mich\\\/#breadcrumb\"},\"inLanguage\":\"de\",\"potentialAction\":[{\"@type\":\"ReadAction\",\"target\":[\"https:\\\/\\\/alarna.de\\\/index.php\\\/2025\\\/01\\\/04\\\/heute-mache-ich-mal-nur-was-fuer-mich\\\/\"]}]},{\"@type\":\"ImageObject\",\"inLanguage\":\"de\",\"@id\":\"https:\\\/\\\/alarna.de\\\/index.php\\\/2025\\\/01\\\/04\\\/heute-mache-ich-mal-nur-was-fuer-mich\\\/#primaryimage\",\"url\":\"https:\\\/\\\/alarna.de\\\/wp-content\\\/uploads\\\/2025\\\/01\\\/Kartoffelchips.jpg\",\"contentUrl\":\"https:\\\/\\\/alarna.de\\\/wp-content\\\/uploads\\\/2025\\\/01\\\/Kartoffelchips.jpg\",\"width\":1824,\"height\":840,\"caption\":\"Kartoffelchips mit besonderer Form\"},{\"@type\":\"BreadcrumbList\",\"@id\":\"https:\\\/\\\/alarna.de\\\/index.php\\\/2025\\\/01\\\/04\\\/heute-mache-ich-mal-nur-was-fuer-mich\\\/#breadcrumb\",\"itemListElement\":[{\"@type\":\"ListItem\",\"position\":1,\"name\":\"Startseite\",\"item\":\"https:\\\/\\\/alarna.de\\\/\"},{\"@type\":\"ListItem\",\"position\":2,\"name\":\"&#8222;Heute mache ich mal nur was f\u00fcr mich!&#8220;\"}]},{\"@type\":\"WebSite\",\"@id\":\"https:\\\/\\\/alarna.de\\\/#website\",\"url\":\"https:\\\/\\\/alarna.de\\\/\",\"name\":\"Alarnas Welt\",\"description\":\"Tierisch viel los\",\"potentialAction\":[{\"@type\":\"SearchAction\",\"target\":{\"@type\":\"EntryPoint\",\"urlTemplate\":\"https:\\\/\\\/alarna.de\\\/?s={search_term_string}\"},\"query-input\":{\"@type\":\"PropertyValueSpecification\",\"valueRequired\":true,\"valueName\":\"search_term_string\"}}],\"inLanguage\":\"de\"},{\"@type\":\"Person\",\"@id\":\"https:\\\/\\\/alarna.de\\\/#\\\/schema\\\/person\\\/2180e0411189fcda16f7566f6543c8c3\",\"name\":\"alarna\",\"image\":{\"@type\":\"ImageObject\",\"inLanguage\":\"de\",\"@id\":\"https:\\\/\\\/secure.gravatar.com\\\/avatar\\\/9691087f32321ef1477af5cb5fdbbdf7bd0689736d54cde066e94e6bb5fba756?s=96&r=g\",\"url\":\"https:\\\/\\\/secure.gravatar.com\\\/avatar\\\/9691087f32321ef1477af5cb5fdbbdf7bd0689736d54cde066e94e6bb5fba756?s=96&r=g\",\"contentUrl\":\"https:\\\/\\\/secure.gravatar.com\\\/avatar\\\/9691087f32321ef1477af5cb5fdbbdf7bd0689736d54cde066e94e6bb5fba756?s=96&r=g\",\"caption\":\"alarna\"},\"sameAs\":[\"https:\\\/\\\/alarna.de\"],\"url\":\"https:\\\/\\\/alarna.de\\\/index.php\\\/author\\\/alarna\\\/\"}]}<\/script>\n<!-- \/ Yoast SEO plugin. -->","yoast_head_json":{"title":"\"Heute mache ich mal nur was f\u00fcr mich!\" - Alarnas Welt","description":"Kennst du das? Du nimmst dir einen Tag nur f\u00fcr dich vor \u2013 und pl\u00f6tzlich erledigst du alles M\u00f6gliche, au\u00dfer dich zu entspannen. Ein humorvoll-ironischer Blick auf die T\u00fccken des 'Me-Time'-Vorsatzes und wie der Alltag uns doch immer wieder einholt.","robots":{"index":"index","follow":"follow","max-snippet":"max-snippet:-1","max-image-preview":"max-image-preview:large","max-video-preview":"max-video-preview:-1"},"canonical":"https:\/\/alarna.de\/index.php\/2025\/01\/04\/heute-mache-ich-mal-nur-was-fuer-mich\/","og_locale":"de_DE","og_type":"article","og_title":"\"Heute mache ich mal nur was f\u00fcr mich!\" - Alarnas Welt","og_description":"Kennst du das? Du nimmst dir einen Tag nur f\u00fcr dich vor \u2013 und pl\u00f6tzlich erledigst du alles M\u00f6gliche, au\u00dfer dich zu entspannen. Ein humorvoll-ironischer Blick auf die T\u00fccken des 'Me-Time'-Vorsatzes und wie der Alltag uns doch immer wieder einholt.","og_url":"https:\/\/alarna.de\/index.php\/2025\/01\/04\/heute-mache-ich-mal-nur-was-fuer-mich\/","og_site_name":"Alarnas Welt","article_published_time":"2025-01-04T12:58:20+00:00","article_modified_time":"2025-01-04T12:58:22+00:00","og_image":[{"width":1824,"height":840,"url":"https:\/\/alarna.de\/wp-content\/uploads\/2025\/01\/Kartoffelchips.jpg","type":"image\/jpeg"}],"author":"alarna","twitter_card":"summary_large_image","twitter_misc":{"Verfasst von":"alarna","Gesch\u00e4tzte Lesezeit":"4\u00a0Minuten"},"schema":{"@context":"https:\/\/schema.org","@graph":[{"@type":"Article","@id":"https:\/\/alarna.de\/index.php\/2025\/01\/04\/heute-mache-ich-mal-nur-was-fuer-mich\/#article","isPartOf":{"@id":"https:\/\/alarna.de\/index.php\/2025\/01\/04\/heute-mache-ich-mal-nur-was-fuer-mich\/"},"author":{"name":"alarna","@id":"https:\/\/alarna.de\/#\/schema\/person\/2180e0411189fcda16f7566f6543c8c3"},"headline":"&#8222;Heute mache ich mal nur was f\u00fcr mich!&#8220;","datePublished":"2025-01-04T12:58:20+00:00","dateModified":"2025-01-04T12:58:22+00:00","mainEntityOfPage":{"@id":"https:\/\/alarna.de\/index.php\/2025\/01\/04\/heute-mache-ich-mal-nur-was-fuer-mich\/"},"wordCount":739,"commentCount":0,"image":{"@id":"https:\/\/alarna.de\/index.php\/2025\/01\/04\/heute-mache-ich-mal-nur-was-fuer-mich\/#primaryimage"},"thumbnailUrl":"https:\/\/alarna.de\/wp-content\/uploads\/2025\/01\/Kartoffelchips.jpg","keywords":["freier Tag","ich mache etwas f\u00fcr mich","tagebuch"],"articleSection":{"1":"Zweibeiner"},"inLanguage":"de","potentialAction":[{"@type":"CommentAction","name":"Comment","target":["https:\/\/alarna.de\/index.php\/2025\/01\/04\/heute-mache-ich-mal-nur-was-fuer-mich\/#respond"]}]},{"@type":"WebPage","@id":"https:\/\/alarna.de\/index.php\/2025\/01\/04\/heute-mache-ich-mal-nur-was-fuer-mich\/","url":"https:\/\/alarna.de\/index.php\/2025\/01\/04\/heute-mache-ich-mal-nur-was-fuer-mich\/","name":"\"Heute mache ich mal nur was f\u00fcr mich!\" - Alarnas Welt","isPartOf":{"@id":"https:\/\/alarna.de\/#website"},"primaryImageOfPage":{"@id":"https:\/\/alarna.de\/index.php\/2025\/01\/04\/heute-mache-ich-mal-nur-was-fuer-mich\/#primaryimage"},"image":{"@id":"https:\/\/alarna.de\/index.php\/2025\/01\/04\/heute-mache-ich-mal-nur-was-fuer-mich\/#primaryimage"},"thumbnailUrl":"https:\/\/alarna.de\/wp-content\/uploads\/2025\/01\/Kartoffelchips.jpg","datePublished":"2025-01-04T12:58:20+00:00","dateModified":"2025-01-04T12:58:22+00:00","author":{"@id":"https:\/\/alarna.de\/#\/schema\/person\/2180e0411189fcda16f7566f6543c8c3"},"description":"Kennst du das? Du nimmst dir einen Tag nur f\u00fcr dich vor \u2013 und pl\u00f6tzlich erledigst du alles M\u00f6gliche, au\u00dfer dich zu entspannen. Ein humorvoll-ironischer Blick auf die T\u00fccken des 'Me-Time'-Vorsatzes und wie der Alltag uns doch immer wieder einholt.","breadcrumb":{"@id":"https:\/\/alarna.de\/index.php\/2025\/01\/04\/heute-mache-ich-mal-nur-was-fuer-mich\/#breadcrumb"},"inLanguage":"de","potentialAction":[{"@type":"ReadAction","target":["https:\/\/alarna.de\/index.php\/2025\/01\/04\/heute-mache-ich-mal-nur-was-fuer-mich\/"]}]},{"@type":"ImageObject","inLanguage":"de","@id":"https:\/\/alarna.de\/index.php\/2025\/01\/04\/heute-mache-ich-mal-nur-was-fuer-mich\/#primaryimage","url":"https:\/\/alarna.de\/wp-content\/uploads\/2025\/01\/Kartoffelchips.jpg","contentUrl":"https:\/\/alarna.de\/wp-content\/uploads\/2025\/01\/Kartoffelchips.jpg","width":1824,"height":840,"caption":"Kartoffelchips mit besonderer Form"},{"@type":"BreadcrumbList","@id":"https:\/\/alarna.de\/index.php\/2025\/01\/04\/heute-mache-ich-mal-nur-was-fuer-mich\/#breadcrumb","itemListElement":[{"@type":"ListItem","position":1,"name":"Startseite","item":"https:\/\/alarna.de\/"},{"@type":"ListItem","position":2,"name":"&#8222;Heute mache ich mal nur was f\u00fcr mich!&#8220;"}]},{"@type":"WebSite","@id":"https:\/\/alarna.de\/#website","url":"https:\/\/alarna.de\/","name":"Alarnas Welt","description":"Tierisch viel los","potentialAction":[{"@type":"SearchAction","target":{"@type":"EntryPoint","urlTemplate":"https:\/\/alarna.de\/?s={search_term_string}"},"query-input":{"@type":"PropertyValueSpecification","valueRequired":true,"valueName":"search_term_string"}}],"inLanguage":"de"},{"@type":"Person","@id":"https:\/\/alarna.de\/#\/schema\/person\/2180e0411189fcda16f7566f6543c8c3","name":"alarna","image":{"@type":"ImageObject","inLanguage":"de","@id":"https:\/\/secure.gravatar.com\/avatar\/9691087f32321ef1477af5cb5fdbbdf7bd0689736d54cde066e94e6bb5fba756?s=96&r=g","url":"https:\/\/secure.gravatar.com\/avatar\/9691087f32321ef1477af5cb5fdbbdf7bd0689736d54cde066e94e6bb5fba756?s=96&r=g","contentUrl":"https:\/\/secure.gravatar.com\/avatar\/9691087f32321ef1477af5cb5fdbbdf7bd0689736d54cde066e94e6bb5fba756?s=96&r=g","caption":"alarna"},"sameAs":["https:\/\/alarna.de"],"url":"https:\/\/alarna.de\/index.php\/author\/alarna\/"}]}},"_links":{"self":[{"href":"https:\/\/alarna.de\/index.php\/wp-json\/wp\/v2\/posts\/3403","targetHints":{"allow":["GET"]}}],"collection":[{"href":"https:\/\/alarna.de\/index.php\/wp-json\/wp\/v2\/posts"}],"about":[{"href":"https:\/\/alarna.de\/index.php\/wp-json\/wp\/v2\/types\/post"}],"author":[{"embeddable":true,"href":"https:\/\/alarna.de\/index.php\/wp-json\/wp\/v2\/users\/1"}],"replies":[{"embeddable":true,"href":"https:\/\/alarna.de\/index.php\/wp-json\/wp\/v2\/comments?post=3403"}],"version-history":[{"count":1,"href":"https:\/\/alarna.de\/index.php\/wp-json\/wp\/v2\/posts\/3403\/revisions"}],"predecessor-version":[{"id":3405,"href":"https:\/\/alarna.de\/index.php\/wp-json\/wp\/v2\/posts\/3403\/revisions\/3405"}],"wp:featuredmedia":[{"embeddable":true,"href":"https:\/\/alarna.de\/index.php\/wp-json\/wp\/v2\/media\/3404"}],"wp:attachment":[{"href":"https:\/\/alarna.de\/index.php\/wp-json\/wp\/v2\/media?parent=3403"}],"wp:term":[{"taxonomy":"category","embeddable":true,"href":"https:\/\/alarna.de\/index.php\/wp-json\/wp\/v2\/categories?post=3403"},{"taxonomy":"post_tag","embeddable":true,"href":"https:\/\/alarna.de\/index.php\/wp-json\/wp\/v2\/tags?post=3403"}],"curies":[{"name":"wp","href":"https:\/\/api.w.org\/{rel}","templated":true}]}}