{"id":3401,"date":"2025-01-02T15:14:27","date_gmt":"2025-01-02T14:14:27","guid":{"rendered":"https:\/\/alarna.de\/?p=3401"},"modified":"2025-01-02T15:14:30","modified_gmt":"2025-01-02T14:14:30","slug":"nachrichten-des-tages-02-01-2025","status":"publish","type":"post","link":"https:\/\/alarna.de\/index.php\/2025\/01\/02\/nachrichten-des-tages-02-01-2025\/","title":{"rendered":"Nachrichten des Tages &#8211; 02.01.2025"},"content":{"rendered":"\n<p>Meinungsmache von n-tv<\/p>\n\n\n\n<blockquote class=\"wp-block-quote is-layout-flow wp-block-quote-is-layout-flow\">\n<p>&#8222;Russland hat die Gaslieferungen nach Europa durch die Ukraine eingestellt. Die Gasm\u00e4rkte reagieren sofort. Der ausbleibende Nachschub trifft derweil auf einen K\u00e4lteeinbruch.&#8220;<\/p>\n\n\n\n<p>Fakt: Die Ukraine hat den Vertrag mit Russland f\u00fcr die Erdgaslieferungen nach Mitteleuropa durch ihr Land aufgehoben und feierte dies als historisches Ereignis. Es handelt sich also keineswegs um einen &#8222;Lieferstopp&#8220; seitens Russlands. <\/p>\n\n\n\n<p>So wenig ich Putin mag, ich finde dennoch, man sollte bei der Wahrheit bleiben.<\/p>\n\n\n\n<p>Quellen: <\/p>\n\n\n\n<p><a href=\"https:\/\/www.n-tv.de\/wirtschaft\/Gaspreis-steigt-als-Reaktion-auf-Lieferstopp-article25462737.html\">https:\/\/www.n-tv.de\/wirtschaft\/Gaspreis-steigt-als-Reaktion-auf-Lieferstopp-article25462737.html<\/a><\/p>\n\n\n\n<p><a href=\"https:\/\/www.welt.de\/politik\/ausland\/article255007136\/Historisches-Ereignis-Ukraine-stoppt-Erdgastransit-von-Russland-nach-Europa.html\">https:\/\/www.welt.de\/politik\/ausland\/article255007136\/Historisches-Ereignis-Ukraine-stoppt-Erdgastransit-von-Russland-nach-Europa.html<\/a><\/p>\n<\/blockquote>\n\n\n\n<h4 class=\"wp-block-heading\">Feuerwerkstote und Verletzte<\/h4>\n\n\n\n<p>In Deutschland sind in der Silvesternacht M\u00e4nner durch Unf\u00e4lle mit verbotenen oder nur mit beh\u00f6rdlicher Genehmigung erwerbbare Feuerwerksk\u00f6rper gestorben. Zus\u00e4tzlich wurden Polizisten, die f\u00fcr Ordnung sorgen wollten, mit Feuerwerksk\u00f6rpern beschossen, einer wurde so schwer verletzt, dass ihm eventuell ein Bein amputiert werden muss.<\/p>\n\n\n\n<p>Mein Mitleid f\u00fcr die M\u00e4nner, die sich an selbst gebastelten oder eingeschmuggelten Kugelbomben versuchten, h\u00e4lt sich in sehr \u00fcberschaubaren Grenzen. Daf\u00fcr tun mir die Familien leid, die unter den Auswirkungen der Kugelbomben verletzt wurden oder sogar aus ihren Wohnungen evakuiert werden mussten.<\/p>\n\n\n\n<p>Berlins B\u00fcrgermeister Kai Wegner findet jedoch, ein B\u00f6llerverbot nicht gut, warum sollte man den Berlinern und ihren Familien eine fr\u00f6hliche Silvesternacht mit traditionellem Feuerwerk versagen?<\/p>\n\n\n\n<p>Kann ich Dir sagen, Du ignoranter Mensch. Weil dann diese friedlich feiernden Menschen nicht mehr Gefahr laufen von illegalen Kugelbomben zerfetzt zu werden. <\/p>\n\n\n\n<p>Was ist denn gegen ein \u00f6ffentliches, von Fachleuten ausgerichtetes Feuerwerk zu sagen? <\/p>\n\n\n\n<p>Quellen: <\/p>\n\n\n\n<p><a href=\"https:\/\/www.zeit.de\/politik\/deutschland\/2025-01\/cdu-berlin-silvester-kugelbomben-feuerwehrk-polen-tschechien\">https:\/\/www.zeit.de\/politik\/deutschland\/2025-01\/cdu-berlin-silvester-kugelbomben-feuerwehrk-polen-tschechien<\/a><\/p>\n\n\n\n<p><a href=\"https:\/\/www.tagesspiegel.de\/berlin\/die-haben-silvester-mit-krieg-verwechselt-polizist-notoperiert-bombenexplosionen-400-festnahmen--berlins-jahreswechsel-bilanz-12946591.html\">https:\/\/www.tagesspiegel.de\/berlin\/die-haben-silvester-mit-krieg-verwechselt-polizist-notoperiert-bombenexplosionen-400-festnahmen&#8211;berlins-jahreswechsel-bilanz-12946591.html<\/a><\/p>\n\n\n\n<h4 class=\"wp-block-heading\">Kindergelderh\u00f6hung<\/h4>\n\n\n\n<p>Nichts wird die deutschen Familien so entlasten wie die ab diesem Monat eingef\u00fchrte Kindergelderh\u00f6hung! Ganze F\u00dcNF! Euro mehr bekommen die Eltern. Macht ganze 60 Euro im Jahr! Der unfassbare Reichtum, der dadurch entsteht, kommt jedoch nicht sofort, sondern erst sp\u00e4ter, da durch das Scheitern der Ampel die \u00c4nderung erst kurz vor dem Jahresende beschlossen wurde und damit die Zahlung des Kindergeldes f\u00fcr Januar nicht mehr ge\u00e4ndert werden konnte.<\/p>\n\n\n\n<p>Ich bin selber Mutter von drei mittlerweile erwachsenen Kindern und m\u00f6chte mit dem Kopf auf den Schreibtisch und weinen. F\u00fcnf Euro mehr Kindergeld ist nichts. Weder die gestiegenen Kosten f\u00fcr Lebensmittel oder die gestiegenen Kosten f\u00fcr Fahrscheine, Kleidung und so weiter wird damit auch nur ansatzweise aufgefangen. F\u00fcr 2026 ist eine weitere Erh\u00f6hung von 4 Euro geplant und ich frage mich wirklich, ob das nicht eine riesengro\u00dfe Verarsche ist. Da wundern sich die Politiker, dass Paare meist nur ein Kind bekommen. Mich wundert das nicht.<\/p>\n\n\n\n<p><\/p>\n\n\n\n<p>Quelle: <a href=\"https:\/\/www.merkur.de\/wirtschaft\/warum-sie-noch-kein-erhoehtes-kindergeld-bekommen-haben-zr-93494516.html\">https:\/\/www.merkur.de\/wirtschaft\/warum-sie-noch-kein-erhoehtes-kindergeld-bekommen-haben-zr-93494516.html<\/a><\/p>\n","protected":false},"excerpt":{"rendered":"<p>Meinungsmache von n-tv &#8222;Russland hat die Gaslieferungen nach Europa durch die Ukraine eingestellt. Die Gasm\u00e4rkte reagieren sofort. Der ausbleibende Nachschub trifft derweil auf einen K\u00e4lteeinbruch.&#8220; Fakt: Die Ukraine hat den Vertrag mit Russland f\u00fcr die Erdgaslieferungen nach Mitteleuropa durch ihr Land aufgehoben und feierte dies als historisches Ereignis. Es handelt sich also keineswegs um einen &hellip; <\/p>\n<p class=\"link-more\"><a href=\"https:\/\/alarna.de\/index.php\/2025\/01\/02\/nachrichten-des-tages-02-01-2025\/\" class=\"more-link\"><span class=\"screen-reader-text\">\u201eNachrichten des Tages &#8211; 02.01.2025\u201c <\/span>weiterlesen<\/a><\/p>\n","protected":false},"author":1,"featured_media":2676,"comment_status":"open","ping_status":"closed","sticky":false,"template":"","format":"standard","meta":{"footnotes":""},"categories":[1,9],"tags":[136,140,135,141,139,138],"class_list":["post-3401","post","type-post","status-publish","format-standard","has-post-thumbnail","hentry","category-allgemein","category-things","tag-feuerwerk","tag-gas","tag-kindergelderhoehung","tag-lieferstopp","tag-putin","tag-ukraine"],"yoast_head":"<!-- This site is optimized with the Yoast SEO plugin v27.5 - https:\/\/yoast.com\/product\/yoast-seo-wordpress\/ -->\n<title>Nachrichten des Tages - 02.01.2025 - Alarnas Welt<\/title>\n<meta name=\"description\" content=\"Die heutigen Nachrichten aus dem deutschen \u00c4rzteblatt f\u00fchren bei mir zu Frust, den ich mir von der Seele schreiben muss.\" \/>\n<meta name=\"robots\" content=\"index, follow, max-snippet:-1, max-image-preview:large, max-video-preview:-1\" \/>\n<link rel=\"canonical\" href=\"https:\/\/alarna.de\/index.php\/2025\/01\/02\/nachrichten-des-tages-02-01-2025\/\" \/>\n<meta property=\"og:locale\" content=\"de_DE\" \/>\n<meta property=\"og:type\" content=\"article\" \/>\n<meta property=\"og:title\" content=\"Nachrichten des Tages - 02.01.2025 - Alarnas Welt\" \/>\n<meta property=\"og:description\" content=\"Die heutigen Nachrichten aus dem deutschen \u00c4rzteblatt f\u00fchren bei mir zu Frust, den ich mir von der Seele schreiben muss.\" \/>\n<meta property=\"og:url\" content=\"https:\/\/alarna.de\/index.php\/2025\/01\/02\/nachrichten-des-tages-02-01-2025\/\" \/>\n<meta property=\"og:site_name\" content=\"Alarnas Welt\" \/>\n<meta property=\"article:published_time\" content=\"2025-01-02T14:14:27+00:00\" \/>\n<meta property=\"article:modified_time\" content=\"2025-01-02T14:14:30+00:00\" \/>\n<meta property=\"og:image\" content=\"https:\/\/alarna.de\/wp-content\/uploads\/2022\/10\/gaspreisbremse_small.jpg\" \/>\n\t<meta property=\"og:image:width\" content=\"1920\" \/>\n\t<meta property=\"og:image:height\" content=\"1280\" \/>\n\t<meta property=\"og:image:type\" content=\"image\/jpeg\" \/>\n<meta name=\"author\" content=\"alarna\" \/>\n<meta name=\"twitter:card\" content=\"summary_large_image\" \/>\n<meta name=\"twitter:label1\" content=\"Verfasst von\" \/>\n\t<meta name=\"twitter:data1\" content=\"alarna\" \/>\n\t<meta name=\"twitter:label2\" content=\"Gesch\u00e4tzte Lesezeit\" \/>\n\t<meta name=\"twitter:data2\" content=\"2\u00a0Minuten\" \/>\n<script type=\"application\/ld+json\" class=\"yoast-schema-graph\">{\"@context\":\"https:\\\/\\\/schema.org\",\"@graph\":[{\"@type\":\"Article\",\"@id\":\"https:\\\/\\\/alarna.de\\\/index.php\\\/2025\\\/01\\\/02\\\/nachrichten-des-tages-02-01-2025\\\/#article\",\"isPartOf\":{\"@id\":\"https:\\\/\\\/alarna.de\\\/index.php\\\/2025\\\/01\\\/02\\\/nachrichten-des-tages-02-01-2025\\\/\"},\"author\":{\"name\":\"alarna\",\"@id\":\"https:\\\/\\\/alarna.de\\\/#\\\/schema\\\/person\\\/2180e0411189fcda16f7566f6543c8c3\"},\"headline\":\"Nachrichten des Tages &#8211; 02.01.2025\",\"datePublished\":\"2025-01-02T14:14:27+00:00\",\"dateModified\":\"2025-01-02T14:14:30+00:00\",\"mainEntityOfPage\":{\"@id\":\"https:\\\/\\\/alarna.de\\\/index.php\\\/2025\\\/01\\\/02\\\/nachrichten-des-tages-02-01-2025\\\/\"},\"wordCount\":448,\"commentCount\":0,\"image\":{\"@id\":\"https:\\\/\\\/alarna.de\\\/index.php\\\/2025\\\/01\\\/02\\\/nachrichten-des-tages-02-01-2025\\\/#primaryimage\"},\"thumbnailUrl\":\"https:\\\/\\\/alarna.de\\\/wp-content\\\/uploads\\\/2022\\\/10\\\/gaspreisbremse_small.jpg\",\"keywords\":[\"Feuerwerk\",\"Gas\",\"Kindergelderh\u00f6hung\",\"Lieferstopp\",\"Putin\",\"Ukraine\"],\"articleSection\":{\"1\":\"Zweibeiner\"},\"inLanguage\":\"de\",\"potentialAction\":[{\"@type\":\"CommentAction\",\"name\":\"Comment\",\"target\":[\"https:\\\/\\\/alarna.de\\\/index.php\\\/2025\\\/01\\\/02\\\/nachrichten-des-tages-02-01-2025\\\/#respond\"]}]},{\"@type\":\"WebPage\",\"@id\":\"https:\\\/\\\/alarna.de\\\/index.php\\\/2025\\\/01\\\/02\\\/nachrichten-des-tages-02-01-2025\\\/\",\"url\":\"https:\\\/\\\/alarna.de\\\/index.php\\\/2025\\\/01\\\/02\\\/nachrichten-des-tages-02-01-2025\\\/\",\"name\":\"Nachrichten des Tages - 02.01.2025 - Alarnas Welt\",\"isPartOf\":{\"@id\":\"https:\\\/\\\/alarna.de\\\/#website\"},\"primaryImageOfPage\":{\"@id\":\"https:\\\/\\\/alarna.de\\\/index.php\\\/2025\\\/01\\\/02\\\/nachrichten-des-tages-02-01-2025\\\/#primaryimage\"},\"image\":{\"@id\":\"https:\\\/\\\/alarna.de\\\/index.php\\\/2025\\\/01\\\/02\\\/nachrichten-des-tages-02-01-2025\\\/#primaryimage\"},\"thumbnailUrl\":\"https:\\\/\\\/alarna.de\\\/wp-content\\\/uploads\\\/2022\\\/10\\\/gaspreisbremse_small.jpg\",\"datePublished\":\"2025-01-02T14:14:27+00:00\",\"dateModified\":\"2025-01-02T14:14:30+00:00\",\"author\":{\"@id\":\"https:\\\/\\\/alarna.de\\\/#\\\/schema\\\/person\\\/2180e0411189fcda16f7566f6543c8c3\"},\"description\":\"Die heutigen Nachrichten aus dem deutschen \u00c4rzteblatt f\u00fchren bei mir zu Frust, den ich mir von der Seele schreiben muss.\",\"breadcrumb\":{\"@id\":\"https:\\\/\\\/alarna.de\\\/index.php\\\/2025\\\/01\\\/02\\\/nachrichten-des-tages-02-01-2025\\\/#breadcrumb\"},\"inLanguage\":\"de\",\"potentialAction\":[{\"@type\":\"ReadAction\",\"target\":[\"https:\\\/\\\/alarna.de\\\/index.php\\\/2025\\\/01\\\/02\\\/nachrichten-des-tages-02-01-2025\\\/\"]}]},{\"@type\":\"ImageObject\",\"inLanguage\":\"de\",\"@id\":\"https:\\\/\\\/alarna.de\\\/index.php\\\/2025\\\/01\\\/02\\\/nachrichten-des-tages-02-01-2025\\\/#primaryimage\",\"url\":\"https:\\\/\\\/alarna.de\\\/wp-content\\\/uploads\\\/2022\\\/10\\\/gaspreisbremse_small.jpg\",\"contentUrl\":\"https:\\\/\\\/alarna.de\\\/wp-content\\\/uploads\\\/2022\\\/10\\\/gaspreisbremse_small.jpg\",\"width\":1920,\"height\":1280},{\"@type\":\"BreadcrumbList\",\"@id\":\"https:\\\/\\\/alarna.de\\\/index.php\\\/2025\\\/01\\\/02\\\/nachrichten-des-tages-02-01-2025\\\/#breadcrumb\",\"itemListElement\":[{\"@type\":\"ListItem\",\"position\":1,\"name\":\"Startseite\",\"item\":\"https:\\\/\\\/alarna.de\\\/\"},{\"@type\":\"ListItem\",\"position\":2,\"name\":\"Nachrichten des Tages &#8211; 02.01.2025\"}]},{\"@type\":\"WebSite\",\"@id\":\"https:\\\/\\\/alarna.de\\\/#website\",\"url\":\"https:\\\/\\\/alarna.de\\\/\",\"name\":\"Alarnas Welt\",\"description\":\"Tierisch viel los\",\"potentialAction\":[{\"@type\":\"SearchAction\",\"target\":{\"@type\":\"EntryPoint\",\"urlTemplate\":\"https:\\\/\\\/alarna.de\\\/?s={search_term_string}\"},\"query-input\":{\"@type\":\"PropertyValueSpecification\",\"valueRequired\":true,\"valueName\":\"search_term_string\"}}],\"inLanguage\":\"de\"},{\"@type\":\"Person\",\"@id\":\"https:\\\/\\\/alarna.de\\\/#\\\/schema\\\/person\\\/2180e0411189fcda16f7566f6543c8c3\",\"name\":\"alarna\",\"image\":{\"@type\":\"ImageObject\",\"inLanguage\":\"de\",\"@id\":\"https:\\\/\\\/secure.gravatar.com\\\/avatar\\\/9691087f32321ef1477af5cb5fdbbdf7bd0689736d54cde066e94e6bb5fba756?s=96&r=g\",\"url\":\"https:\\\/\\\/secure.gravatar.com\\\/avatar\\\/9691087f32321ef1477af5cb5fdbbdf7bd0689736d54cde066e94e6bb5fba756?s=96&r=g\",\"contentUrl\":\"https:\\\/\\\/secure.gravatar.com\\\/avatar\\\/9691087f32321ef1477af5cb5fdbbdf7bd0689736d54cde066e94e6bb5fba756?s=96&r=g\",\"caption\":\"alarna\"},\"sameAs\":[\"https:\\\/\\\/alarna.de\"],\"url\":\"https:\\\/\\\/alarna.de\\\/index.php\\\/author\\\/alarna\\\/\"}]}<\/script>\n<!-- \/ Yoast SEO plugin. -->","yoast_head_json":{"title":"Nachrichten des Tages - 02.01.2025 - Alarnas Welt","description":"Die heutigen Nachrichten aus dem deutschen \u00c4rzteblatt f\u00fchren bei mir zu Frust, den ich mir von der Seele schreiben muss.","robots":{"index":"index","follow":"follow","max-snippet":"max-snippet:-1","max-image-preview":"max-image-preview:large","max-video-preview":"max-video-preview:-1"},"canonical":"https:\/\/alarna.de\/index.php\/2025\/01\/02\/nachrichten-des-tages-02-01-2025\/","og_locale":"de_DE","og_type":"article","og_title":"Nachrichten des Tages - 02.01.2025 - Alarnas Welt","og_description":"Die heutigen Nachrichten aus dem deutschen \u00c4rzteblatt f\u00fchren bei mir zu Frust, den ich mir von der Seele schreiben muss.","og_url":"https:\/\/alarna.de\/index.php\/2025\/01\/02\/nachrichten-des-tages-02-01-2025\/","og_site_name":"Alarnas Welt","article_published_time":"2025-01-02T14:14:27+00:00","article_modified_time":"2025-01-02T14:14:30+00:00","og_image":[{"width":1920,"height":1280,"url":"https:\/\/alarna.de\/wp-content\/uploads\/2022\/10\/gaspreisbremse_small.jpg","type":"image\/jpeg"}],"author":"alarna","twitter_card":"summary_large_image","twitter_misc":{"Verfasst von":"alarna","Gesch\u00e4tzte Lesezeit":"2\u00a0Minuten"},"schema":{"@context":"https:\/\/schema.org","@graph":[{"@type":"Article","@id":"https:\/\/alarna.de\/index.php\/2025\/01\/02\/nachrichten-des-tages-02-01-2025\/#article","isPartOf":{"@id":"https:\/\/alarna.de\/index.php\/2025\/01\/02\/nachrichten-des-tages-02-01-2025\/"},"author":{"name":"alarna","@id":"https:\/\/alarna.de\/#\/schema\/person\/2180e0411189fcda16f7566f6543c8c3"},"headline":"Nachrichten des Tages &#8211; 02.01.2025","datePublished":"2025-01-02T14:14:27+00:00","dateModified":"2025-01-02T14:14:30+00:00","mainEntityOfPage":{"@id":"https:\/\/alarna.de\/index.php\/2025\/01\/02\/nachrichten-des-tages-02-01-2025\/"},"wordCount":448,"commentCount":0,"image":{"@id":"https:\/\/alarna.de\/index.php\/2025\/01\/02\/nachrichten-des-tages-02-01-2025\/#primaryimage"},"thumbnailUrl":"https:\/\/alarna.de\/wp-content\/uploads\/2022\/10\/gaspreisbremse_small.jpg","keywords":["Feuerwerk","Gas","Kindergelderh\u00f6hung","Lieferstopp","Putin","Ukraine"],"articleSection":{"1":"Zweibeiner"},"inLanguage":"de","potentialAction":[{"@type":"CommentAction","name":"Comment","target":["https:\/\/alarna.de\/index.php\/2025\/01\/02\/nachrichten-des-tages-02-01-2025\/#respond"]}]},{"@type":"WebPage","@id":"https:\/\/alarna.de\/index.php\/2025\/01\/02\/nachrichten-des-tages-02-01-2025\/","url":"https:\/\/alarna.de\/index.php\/2025\/01\/02\/nachrichten-des-tages-02-01-2025\/","name":"Nachrichten des Tages - 02.01.2025 - Alarnas Welt","isPartOf":{"@id":"https:\/\/alarna.de\/#website"},"primaryImageOfPage":{"@id":"https:\/\/alarna.de\/index.php\/2025\/01\/02\/nachrichten-des-tages-02-01-2025\/#primaryimage"},"image":{"@id":"https:\/\/alarna.de\/index.php\/2025\/01\/02\/nachrichten-des-tages-02-01-2025\/#primaryimage"},"thumbnailUrl":"https:\/\/alarna.de\/wp-content\/uploads\/2022\/10\/gaspreisbremse_small.jpg","datePublished":"2025-01-02T14:14:27+00:00","dateModified":"2025-01-02T14:14:30+00:00","author":{"@id":"https:\/\/alarna.de\/#\/schema\/person\/2180e0411189fcda16f7566f6543c8c3"},"description":"Die heutigen Nachrichten aus dem deutschen \u00c4rzteblatt f\u00fchren bei mir zu Frust, den ich mir von der Seele schreiben muss.","breadcrumb":{"@id":"https:\/\/alarna.de\/index.php\/2025\/01\/02\/nachrichten-des-tages-02-01-2025\/#breadcrumb"},"inLanguage":"de","potentialAction":[{"@type":"ReadAction","target":["https:\/\/alarna.de\/index.php\/2025\/01\/02\/nachrichten-des-tages-02-01-2025\/"]}]},{"@type":"ImageObject","inLanguage":"de","@id":"https:\/\/alarna.de\/index.php\/2025\/01\/02\/nachrichten-des-tages-02-01-2025\/#primaryimage","url":"https:\/\/alarna.de\/wp-content\/uploads\/2022\/10\/gaspreisbremse_small.jpg","contentUrl":"https:\/\/alarna.de\/wp-content\/uploads\/2022\/10\/gaspreisbremse_small.jpg","width":1920,"height":1280},{"@type":"BreadcrumbList","@id":"https:\/\/alarna.de\/index.php\/2025\/01\/02\/nachrichten-des-tages-02-01-2025\/#breadcrumb","itemListElement":[{"@type":"ListItem","position":1,"name":"Startseite","item":"https:\/\/alarna.de\/"},{"@type":"ListItem","position":2,"name":"Nachrichten des Tages &#8211; 02.01.2025"}]},{"@type":"WebSite","@id":"https:\/\/alarna.de\/#website","url":"https:\/\/alarna.de\/","name":"Alarnas Welt","description":"Tierisch viel los","potentialAction":[{"@type":"SearchAction","target":{"@type":"EntryPoint","urlTemplate":"https:\/\/alarna.de\/?s={search_term_string}"},"query-input":{"@type":"PropertyValueSpecification","valueRequired":true,"valueName":"search_term_string"}}],"inLanguage":"de"},{"@type":"Person","@id":"https:\/\/alarna.de\/#\/schema\/person\/2180e0411189fcda16f7566f6543c8c3","name":"alarna","image":{"@type":"ImageObject","inLanguage":"de","@id":"https:\/\/secure.gravatar.com\/avatar\/9691087f32321ef1477af5cb5fdbbdf7bd0689736d54cde066e94e6bb5fba756?s=96&r=g","url":"https:\/\/secure.gravatar.com\/avatar\/9691087f32321ef1477af5cb5fdbbdf7bd0689736d54cde066e94e6bb5fba756?s=96&r=g","contentUrl":"https:\/\/secure.gravatar.com\/avatar\/9691087f32321ef1477af5cb5fdbbdf7bd0689736d54cde066e94e6bb5fba756?s=96&r=g","caption":"alarna"},"sameAs":["https:\/\/alarna.de"],"url":"https:\/\/alarna.de\/index.php\/author\/alarna\/"}]}},"_links":{"self":[{"href":"https:\/\/alarna.de\/index.php\/wp-json\/wp\/v2\/posts\/3401","targetHints":{"allow":["GET"]}}],"collection":[{"href":"https:\/\/alarna.de\/index.php\/wp-json\/wp\/v2\/posts"}],"about":[{"href":"https:\/\/alarna.de\/index.php\/wp-json\/wp\/v2\/types\/post"}],"author":[{"embeddable":true,"href":"https:\/\/alarna.de\/index.php\/wp-json\/wp\/v2\/users\/1"}],"replies":[{"embeddable":true,"href":"https:\/\/alarna.de\/index.php\/wp-json\/wp\/v2\/comments?post=3401"}],"version-history":[{"count":1,"href":"https:\/\/alarna.de\/index.php\/wp-json\/wp\/v2\/posts\/3401\/revisions"}],"predecessor-version":[{"id":3402,"href":"https:\/\/alarna.de\/index.php\/wp-json\/wp\/v2\/posts\/3401\/revisions\/3402"}],"wp:featuredmedia":[{"embeddable":true,"href":"https:\/\/alarna.de\/index.php\/wp-json\/wp\/v2\/media\/2676"}],"wp:attachment":[{"href":"https:\/\/alarna.de\/index.php\/wp-json\/wp\/v2\/media?parent=3401"}],"wp:term":[{"taxonomy":"category","embeddable":true,"href":"https:\/\/alarna.de\/index.php\/wp-json\/wp\/v2\/categories?post=3401"},{"taxonomy":"post_tag","embeddable":true,"href":"https:\/\/alarna.de\/index.php\/wp-json\/wp\/v2\/tags?post=3401"}],"curies":[{"name":"wp","href":"https:\/\/api.w.org\/{rel}","templated":true}]}}