{"id":328,"date":"2019-09-08T18:29:25","date_gmt":"2019-09-08T16:29:25","guid":{"rendered":"https:\/\/alarna.de\/?p=328"},"modified":"2019-09-08T18:29:25","modified_gmt":"2019-09-08T16:29:25","slug":"weinfest-in-zossen","status":"publish","type":"post","link":"https:\/\/alarna.de\/index.php\/2019\/09\/08\/weinfest-in-zossen\/","title":{"rendered":"Auf dem Weinfest in Zossen"},"content":{"rendered":"\n<img loading=\"lazy\" decoding=\"async\" src=\"https:\/\/alarna.de\/wp-content\/uploads\/2019\/09\/csm_Weinfest_Plak_A4_2019_1c23024cc4-1-1.jpg\" alt=\"csm_Weinfest_Plak_A4_2019_1c23024cc4\" itemprop=\"image\" height=\"814\" width=\"580\" title=\"csm_Weinfest_Plak_A4_2019_1c23024cc4\" onerror=\"this.style.display='none'\">\n\t<p>Letztens erst habe ich von der St. Laurentius Kirmes in Daun berichtet und schon war da wieder ein neues Fest, bei dem ich unbedingt dabei sein wollte.<\/p>\n<p>Also den Mann becirct und ihn zum Geldautomaten geschickt, um Bargeld zu holen.&nbsp; Er machte gute Miene zum b\u00f6sen &#8211; nein eher kostenintensiven Spiel &#8211; und brachte dann ein paar Scheinchen mit.<\/p>\n<p>Das 15. Weinfest in Zossen. Ich finde es ist als Erfolg zu werten, dass dieses Fest bereits zur Tradition geh\u00f6rt und auch gut besucht und beliebt ist, immerhin musste gerade in Zossen viel neu aufgebaut werden, denn nach dem Krieg waren die meisten &#8222;Einwohner&#8220; Russen und mehrheitlich beim Milit\u00e4r.<\/p>\n<p>Zossen hat nat\u00fcrlich viele &#8222;Ureinwohner&#8220;, aber genauso viele &#8211; wenn nicht mehr &#8211; Zugezogene. Es ist in dem Sinne keine gewachsene Gemeinschaft, sondern eine kunterbunte und das merkt man auch. Hier wird gestritten wie sonstwas. Toleranz ist f\u00fcr viele hier ein absolutes Fremdwort und die eigene Geschichte nach der Mauer\u00f6ffnung wird gerne ausgeblendet.<\/p>\n<p>Aber genug von der Politik, zur\u00fcck zum Fest.<\/p>\n<p>Das Festgel\u00e4nde ist rundherum abgesperrt und an den Durchg\u00e4ngen steht Sicherheitspersonal. Das Mitbringen von Glas etc. ist verboten und es wird auch ein Blick in die Taschen geworfen. Sehr l\u00f6blich. Messer k\u00f6nnte man allerdings auch in einer Mini-Tasche wie meiner verstecken, die wurde aber nicht untersucht. Vielleicht sehe ich allgemein ziemlich harmlos aus.<\/p>\n<p>Wir kamen an und ich war sofort in Stimmung. Sobald ich eine Kirmes besuche, f\u00fchle ich mich wie ein Kind, bin begeistert von den Ger\u00fcchen in der Luft (haupts\u00e4chlich Essen), dem Gekreische der Menschen auf den Fahrgesch\u00e4ften und dem Trubel, der dort herrscht. Es ist eine Emotion \u00e4hnlich der, die ich als Kind hatte, wenn wir einmal im Jahr die D\u00fcsseldorfer Rheinkirmes besucht haben. Wobei das Weinfest da nicht einmal ansatzweise mithalten kann, aber es ist nicht die Gr\u00f6\u00dfe, es ist die Stimmung, die mich ber\u00fchrt und die ein stetes Grinsen ins Gesicht malt.<\/p>\n<p>Ich w\u00e4re gerne mit dem Twister gefahren, so eine Art Kettenkarussell f\u00fcr Arme &#8211; keine Ketten an denen man sich (verbotenerweise) hin und her schwingen kann, sondern feste Kabinen in denen man sitzt. Eigentlich eher langweilig, aber mein Herzblatt ist selbst f\u00fcr so etwas nicht zu haben. Also steuere ich den Cr\u00eape Stand an. Ich liebe diese Dinger und es gab sie in vielerlei Sorten, nur die, die ich wollte war nicht dabei. Mit Erdbeeren und wei\u00dfer Schokolade. Keine Erdbeeren mehr. Am Samstag nachmittag. Naja, dann eben nur mit wei\u00dfer Schokolade.<\/p>\n<p>Da ich mich grunds\u00e4tzlich quer \u00fcber und durch eine Kirmes durchfresse, teilte ich mir das hei\u00dfe und s\u00fc\u00dfe St\u00fcck mit meinem Mann. Musste ja noch Platz sein f\u00fcr die anderen Dinge, die ich sonst nur auf einer Kirmes bekomme.<\/p>\n<p>2 St\u00e4nde weiter gab es Langosch, meine bessere H\u00e4lfte gierte danach, aber das sollte die Endstation werden, also wechselte ich die Stra\u00dfenseite und f\u00fchrte ihn dort weiter.<\/p>\n<p>Durch das Festzelt hindurch, in dem gerade ein grauenerregender Song gesungen wurde (ich bin nicht so f\u00fcr Alm-\u00d6hi Zeug) weiter zum Catering-Stand, der Pf\u00e4lzer Spezialit\u00e4ten anbietet. Jedes Jahr und ich komme nat\u00fcrlich nie dran vorbei.<\/p>\n<p>Also Erdbeerbowle und ein gro\u00dfes Mettbrot mit Zwiebeln und Schnittlauch. Ihr glaubt das passt nicht nach Cr\u00eape? Ihr Weicheier!<\/p>\n<p>Die H\u00e4lfte des Brotes ging wieder an meinen Mann, ich war ja noch lange nicht fertig. Die Bowle war nicht so besonders, die Erdbeeren warn vorsortiert in einem Glas, dann kam kalter Wein\/Sekt dazu und Erdbeersirup oder so, ich h\u00e4tte den Stand in der Mitte aufsuchen sollen, da gab es gut durchgezogene Bowle. Merk ich mir f\u00fcr n\u00e4chstes Jahr.<\/p>\n<p>Hinter uns auf der B\u00fchne kamen die Streetwalkers dran, nicht schlecht. Um L\u00e4ngen besser als der Knabe da vorher. Aber das ist Geschmackssache.<\/p>\n<p>Wir schlenderten weiter und wurden zur Weinprobe gewunken. Ich bekam Wein, mein Ehegespons Saft &#8211; einer muss ja fahrt\u00fcchtig bleiben. Nachdem ich dann gut bet\u00fcdelt war, gingen wir die Kirche besichtigen. Durch die dort herrschenden Farbd\u00e4mpfe war ich schnell wieder n\u00fcchtern, also ich m\u00f6chte da nicht einen Gottesdienst lang drin sitzen m\u00fcssen. Interessant finde ich, dass der Altar dort in der Mitte angelegt ist und nicht an einem Ende. 10 Jahre wohne ich schon hier und finde das jetzt raus. Das sagt viel \u00fcber meinen Eifer aus, meiner evangelischen Pflicht zu folgen.<\/p>\n<p>Auf der B\u00fchne waren jetzt in merkw\u00fcrdige gr\u00fcne Sachen gekleidete Jungs, die Musik machten. Einer war in einem gr\u00fcnen Anzug, den Rest konnte ich nicht identifizieren. Kam vermutlich von den Farbd\u00e4mpfen.<\/p>\n<p>Weiter ging es nun zum Backfischbr\u00f6tchen. Wieder geteilt, klar. Meinem Angetrauten fiel auf, dass ich daheim immer meckere, wenn er &#8222;schon wieder&#8220; was zu essen haben will und hier auf dem Fest wurde er alle 10 Minuten gen\u00f6tigt sich etwas mit mir zu teilen. Was soll ich machen, mein Magen hat eine begrenzte Aufnahmekapazit\u00e4t.<\/p>\n<p>Das Fischbr\u00f6tchen aufgefuttert statte ich dem Schmuckstand einen Besuch ab. So als Alibi. Denn dahinter ist eine Pommesbude. Also einmal Pommes rot-wei\u00df. Fortuna-Pommes. Wie in meiner Jugend. Neben uns steht die Security und holt sich auch etwas zu essen. Ich f\u00fchle mich selig. Nicht wegen der Security, sondern wegen dem Feeling hier rundum.<\/p>\n<p>Eigentlich bin ich jetzt satt. Aber. Ja also da ist ja noch Langosch, auf das mein M\u00e4nne wartet. Also hin zum Stand und er will sich keins mit mir teilen, ich bin also gezwungen ein Langosch ganz alleine zu essen. Wie gut, dass meine Hose einen Gummizug hat.<\/p>\n<p>Nachdem dieses Pflichtprogramm durch ist, kommt der letzte Stand an die Reihe. Schokoerdbeeren mit wei\u00dfer Schokolade. Die esse ich auch direkt, obwohl mein Bauch fast explodiert. Was muss, das muss. Und ja, Erdbeeren und Schokolade auf Knoblauch und Salz geht immer!<\/p>\n<p>Wir sind rum, ich bin vollgefressen, also gehen wir zum Auto. Auf dem Parkplatz sehe ich ein Auto mit einer Familie, die dringend einen freien Platz brauchen. Ich flitz hin und sag Bescheid, dass wir einen frei machen. Also auch noch eine gute Tat begangen so zum Abschluss.<\/p>\n<p>Ich bin laktoseintolerant, die Rache f\u00fcr wei\u00dfe Schokolade und so weiter l\u00e4sst dann nicht lange auf sich warten, aber irgendwas ist ja immer. Abends schlafe ich mit einem L\u00e4cheln auf dem Gesicht ein und das ist mehr wert als alles andere.<\/p>\n<p>Mein Mann merkt noch an, ich solle besser die n\u00e4chsten Tage nicht auf die Waage steigen. Aber was soll es. Weinfest ist nur einmal im Jahr. Dick bin ich eh schon, da f\u00e4llt das nicht mehr auf.<\/p>\n","protected":false},"excerpt":{"rendered":"","protected":false},"author":1,"featured_media":0,"comment_status":"open","ping_status":"closed","sticky":false,"template":"","format":"standard","meta":{"footnotes":""},"categories":[9],"tags":[38,69,86,99,130,131],"class_list":["post-328","post","type-post","status-publish","format-standard","hentry","category-things","tag-essen","tag-kirmes","tag-nostalgie","tag-rummel","tag-weinfest","tag-zossen"],"yoast_head":"<!-- This site is optimized with the Yoast SEO plugin v27.5 - https:\/\/yoast.com\/product\/yoast-seo-wordpress\/ -->\n<title>Auf dem Weinfest in Zossen - Alarnas Welt<\/title>\n<meta name=\"robots\" content=\"index, follow, max-snippet:-1, max-image-preview:large, max-video-preview:-1\" \/>\n<link rel=\"canonical\" href=\"https:\/\/alarna.de\/index.php\/2019\/09\/08\/weinfest-in-zossen\/\" \/>\n<meta property=\"og:locale\" content=\"de_DE\" \/>\n<meta property=\"og:type\" content=\"article\" \/>\n<meta property=\"og:title\" content=\"Auf dem Weinfest in Zossen - Alarnas Welt\" \/>\n<meta property=\"og:url\" content=\"https:\/\/alarna.de\/index.php\/2019\/09\/08\/weinfest-in-zossen\/\" \/>\n<meta property=\"og:site_name\" content=\"Alarnas Welt\" \/>\n<meta property=\"article:published_time\" content=\"2019-09-08T16:29:25+00:00\" \/>\n<meta property=\"og:image\" content=\"https:\/\/alarna.de\/wp-content\/uploads\/2019\/09\/csm_Weinfest_Plak_A4_2019_1c23024cc4.jpg\" \/>\n<meta name=\"author\" content=\"alarna\" \/>\n<meta name=\"twitter:card\" content=\"summary_large_image\" \/>\n<meta name=\"twitter:label1\" content=\"Verfasst von\" \/>\n\t<meta name=\"twitter:data1\" content=\"alarna\" \/>\n\t<meta name=\"twitter:label2\" content=\"Gesch\u00e4tzte Lesezeit\" \/>\n\t<meta name=\"twitter:data2\" content=\"6\u00a0Minuten\" \/>\n<script type=\"application\/ld+json\" class=\"yoast-schema-graph\">{\"@context\":\"https:\\\/\\\/schema.org\",\"@graph\":[{\"@type\":\"Article\",\"@id\":\"https:\\\/\\\/alarna.de\\\/index.php\\\/2019\\\/09\\\/08\\\/weinfest-in-zossen\\\/#article\",\"isPartOf\":{\"@id\":\"https:\\\/\\\/alarna.de\\\/index.php\\\/2019\\\/09\\\/08\\\/weinfest-in-zossen\\\/\"},\"author\":{\"name\":\"alarna\",\"@id\":\"https:\\\/\\\/alarna.de\\\/#\\\/schema\\\/person\\\/2180e0411189fcda16f7566f6543c8c3\"},\"headline\":\"Auf dem Weinfest in Zossen\",\"datePublished\":\"2019-09-08T16:29:25+00:00\",\"mainEntityOfPage\":{\"@id\":\"https:\\\/\\\/alarna.de\\\/index.php\\\/2019\\\/09\\\/08\\\/weinfest-in-zossen\\\/\"},\"wordCount\":1127,\"commentCount\":4,\"image\":{\"@id\":\"https:\\\/\\\/alarna.de\\\/index.php\\\/2019\\\/09\\\/08\\\/weinfest-in-zossen\\\/#primaryimage\"},\"thumbnailUrl\":\"https:\\\/\\\/alarna.de\\\/wp-content\\\/uploads\\\/2019\\\/09\\\/csm_Weinfest_Plak_A4_2019_1c23024cc4-1-1.jpg\",\"keywords\":[\"Essen\",\"Kirmes\",\"Nostalgie\",\"Rummel\",\"Weinfest\",\"Zossen\"],\"articleSection\":[\"Zweibeiner\"],\"inLanguage\":\"de\",\"potentialAction\":[{\"@type\":\"CommentAction\",\"name\":\"Comment\",\"target\":[\"https:\\\/\\\/alarna.de\\\/index.php\\\/2019\\\/09\\\/08\\\/weinfest-in-zossen\\\/#respond\"]}]},{\"@type\":\"WebPage\",\"@id\":\"https:\\\/\\\/alarna.de\\\/index.php\\\/2019\\\/09\\\/08\\\/weinfest-in-zossen\\\/\",\"url\":\"https:\\\/\\\/alarna.de\\\/index.php\\\/2019\\\/09\\\/08\\\/weinfest-in-zossen\\\/\",\"name\":\"Auf dem Weinfest in Zossen - Alarnas Welt\",\"isPartOf\":{\"@id\":\"https:\\\/\\\/alarna.de\\\/#website\"},\"primaryImageOfPage\":{\"@id\":\"https:\\\/\\\/alarna.de\\\/index.php\\\/2019\\\/09\\\/08\\\/weinfest-in-zossen\\\/#primaryimage\"},\"image\":{\"@id\":\"https:\\\/\\\/alarna.de\\\/index.php\\\/2019\\\/09\\\/08\\\/weinfest-in-zossen\\\/#primaryimage\"},\"thumbnailUrl\":\"https:\\\/\\\/alarna.de\\\/wp-content\\\/uploads\\\/2019\\\/09\\\/csm_Weinfest_Plak_A4_2019_1c23024cc4-1-1.jpg\",\"datePublished\":\"2019-09-08T16:29:25+00:00\",\"author\":{\"@id\":\"https:\\\/\\\/alarna.de\\\/#\\\/schema\\\/person\\\/2180e0411189fcda16f7566f6543c8c3\"},\"breadcrumb\":{\"@id\":\"https:\\\/\\\/alarna.de\\\/index.php\\\/2019\\\/09\\\/08\\\/weinfest-in-zossen\\\/#breadcrumb\"},\"inLanguage\":\"de\",\"potentialAction\":[{\"@type\":\"ReadAction\",\"target\":[\"https:\\\/\\\/alarna.de\\\/index.php\\\/2019\\\/09\\\/08\\\/weinfest-in-zossen\\\/\"]}]},{\"@type\":\"ImageObject\",\"inLanguage\":\"de\",\"@id\":\"https:\\\/\\\/alarna.de\\\/index.php\\\/2019\\\/09\\\/08\\\/weinfest-in-zossen\\\/#primaryimage\",\"url\":\"https:\\\/\\\/alarna.de\\\/wp-content\\\/uploads\\\/2019\\\/09\\\/csm_Weinfest_Plak_A4_2019_1c23024cc4-1-1.jpg\",\"contentUrl\":\"https:\\\/\\\/alarna.de\\\/wp-content\\\/uploads\\\/2019\\\/09\\\/csm_Weinfest_Plak_A4_2019_1c23024cc4-1-1.jpg\"},{\"@type\":\"BreadcrumbList\",\"@id\":\"https:\\\/\\\/alarna.de\\\/index.php\\\/2019\\\/09\\\/08\\\/weinfest-in-zossen\\\/#breadcrumb\",\"itemListElement\":[{\"@type\":\"ListItem\",\"position\":1,\"name\":\"Startseite\",\"item\":\"https:\\\/\\\/alarna.de\\\/\"},{\"@type\":\"ListItem\",\"position\":2,\"name\":\"Auf dem Weinfest in Zossen\"}]},{\"@type\":\"WebSite\",\"@id\":\"https:\\\/\\\/alarna.de\\\/#website\",\"url\":\"https:\\\/\\\/alarna.de\\\/\",\"name\":\"Alarnas Welt\",\"description\":\"Tierisch viel los\",\"potentialAction\":[{\"@type\":\"SearchAction\",\"target\":{\"@type\":\"EntryPoint\",\"urlTemplate\":\"https:\\\/\\\/alarna.de\\\/?s={search_term_string}\"},\"query-input\":{\"@type\":\"PropertyValueSpecification\",\"valueRequired\":true,\"valueName\":\"search_term_string\"}}],\"inLanguage\":\"de\"},{\"@type\":\"Person\",\"@id\":\"https:\\\/\\\/alarna.de\\\/#\\\/schema\\\/person\\\/2180e0411189fcda16f7566f6543c8c3\",\"name\":\"alarna\",\"image\":{\"@type\":\"ImageObject\",\"inLanguage\":\"de\",\"@id\":\"https:\\\/\\\/secure.gravatar.com\\\/avatar\\\/9691087f32321ef1477af5cb5fdbbdf7bd0689736d54cde066e94e6bb5fba756?s=96&r=g\",\"url\":\"https:\\\/\\\/secure.gravatar.com\\\/avatar\\\/9691087f32321ef1477af5cb5fdbbdf7bd0689736d54cde066e94e6bb5fba756?s=96&r=g\",\"contentUrl\":\"https:\\\/\\\/secure.gravatar.com\\\/avatar\\\/9691087f32321ef1477af5cb5fdbbdf7bd0689736d54cde066e94e6bb5fba756?s=96&r=g\",\"caption\":\"alarna\"},\"sameAs\":[\"https:\\\/\\\/alarna.de\"],\"url\":\"https:\\\/\\\/alarna.de\\\/index.php\\\/author\\\/alarna\\\/\"}]}<\/script>\n<!-- \/ Yoast SEO plugin. -->","yoast_head_json":{"title":"Auf dem Weinfest in Zossen - Alarnas Welt","robots":{"index":"index","follow":"follow","max-snippet":"max-snippet:-1","max-image-preview":"max-image-preview:large","max-video-preview":"max-video-preview:-1"},"canonical":"https:\/\/alarna.de\/index.php\/2019\/09\/08\/weinfest-in-zossen\/","og_locale":"de_DE","og_type":"article","og_title":"Auf dem Weinfest in Zossen - Alarnas Welt","og_url":"https:\/\/alarna.de\/index.php\/2019\/09\/08\/weinfest-in-zossen\/","og_site_name":"Alarnas Welt","article_published_time":"2019-09-08T16:29:25+00:00","og_image":[{"url":"https:\/\/alarna.de\/wp-content\/uploads\/2019\/09\/csm_Weinfest_Plak_A4_2019_1c23024cc4.jpg","type":"","width":"","height":""}],"author":"alarna","twitter_card":"summary_large_image","twitter_misc":{"Verfasst von":"alarna","Gesch\u00e4tzte Lesezeit":"6\u00a0Minuten"},"schema":{"@context":"https:\/\/schema.org","@graph":[{"@type":"Article","@id":"https:\/\/alarna.de\/index.php\/2019\/09\/08\/weinfest-in-zossen\/#article","isPartOf":{"@id":"https:\/\/alarna.de\/index.php\/2019\/09\/08\/weinfest-in-zossen\/"},"author":{"name":"alarna","@id":"https:\/\/alarna.de\/#\/schema\/person\/2180e0411189fcda16f7566f6543c8c3"},"headline":"Auf dem Weinfest in Zossen","datePublished":"2019-09-08T16:29:25+00:00","mainEntityOfPage":{"@id":"https:\/\/alarna.de\/index.php\/2019\/09\/08\/weinfest-in-zossen\/"},"wordCount":1127,"commentCount":4,"image":{"@id":"https:\/\/alarna.de\/index.php\/2019\/09\/08\/weinfest-in-zossen\/#primaryimage"},"thumbnailUrl":"https:\/\/alarna.de\/wp-content\/uploads\/2019\/09\/csm_Weinfest_Plak_A4_2019_1c23024cc4-1-1.jpg","keywords":["Essen","Kirmes","Nostalgie","Rummel","Weinfest","Zossen"],"articleSection":["Zweibeiner"],"inLanguage":"de","potentialAction":[{"@type":"CommentAction","name":"Comment","target":["https:\/\/alarna.de\/index.php\/2019\/09\/08\/weinfest-in-zossen\/#respond"]}]},{"@type":"WebPage","@id":"https:\/\/alarna.de\/index.php\/2019\/09\/08\/weinfest-in-zossen\/","url":"https:\/\/alarna.de\/index.php\/2019\/09\/08\/weinfest-in-zossen\/","name":"Auf dem Weinfest in Zossen - Alarnas Welt","isPartOf":{"@id":"https:\/\/alarna.de\/#website"},"primaryImageOfPage":{"@id":"https:\/\/alarna.de\/index.php\/2019\/09\/08\/weinfest-in-zossen\/#primaryimage"},"image":{"@id":"https:\/\/alarna.de\/index.php\/2019\/09\/08\/weinfest-in-zossen\/#primaryimage"},"thumbnailUrl":"https:\/\/alarna.de\/wp-content\/uploads\/2019\/09\/csm_Weinfest_Plak_A4_2019_1c23024cc4-1-1.jpg","datePublished":"2019-09-08T16:29:25+00:00","author":{"@id":"https:\/\/alarna.de\/#\/schema\/person\/2180e0411189fcda16f7566f6543c8c3"},"breadcrumb":{"@id":"https:\/\/alarna.de\/index.php\/2019\/09\/08\/weinfest-in-zossen\/#breadcrumb"},"inLanguage":"de","potentialAction":[{"@type":"ReadAction","target":["https:\/\/alarna.de\/index.php\/2019\/09\/08\/weinfest-in-zossen\/"]}]},{"@type":"ImageObject","inLanguage":"de","@id":"https:\/\/alarna.de\/index.php\/2019\/09\/08\/weinfest-in-zossen\/#primaryimage","url":"https:\/\/alarna.de\/wp-content\/uploads\/2019\/09\/csm_Weinfest_Plak_A4_2019_1c23024cc4-1-1.jpg","contentUrl":"https:\/\/alarna.de\/wp-content\/uploads\/2019\/09\/csm_Weinfest_Plak_A4_2019_1c23024cc4-1-1.jpg"},{"@type":"BreadcrumbList","@id":"https:\/\/alarna.de\/index.php\/2019\/09\/08\/weinfest-in-zossen\/#breadcrumb","itemListElement":[{"@type":"ListItem","position":1,"name":"Startseite","item":"https:\/\/alarna.de\/"},{"@type":"ListItem","position":2,"name":"Auf dem Weinfest in Zossen"}]},{"@type":"WebSite","@id":"https:\/\/alarna.de\/#website","url":"https:\/\/alarna.de\/","name":"Alarnas Welt","description":"Tierisch viel los","potentialAction":[{"@type":"SearchAction","target":{"@type":"EntryPoint","urlTemplate":"https:\/\/alarna.de\/?s={search_term_string}"},"query-input":{"@type":"PropertyValueSpecification","valueRequired":true,"valueName":"search_term_string"}}],"inLanguage":"de"},{"@type":"Person","@id":"https:\/\/alarna.de\/#\/schema\/person\/2180e0411189fcda16f7566f6543c8c3","name":"alarna","image":{"@type":"ImageObject","inLanguage":"de","@id":"https:\/\/secure.gravatar.com\/avatar\/9691087f32321ef1477af5cb5fdbbdf7bd0689736d54cde066e94e6bb5fba756?s=96&r=g","url":"https:\/\/secure.gravatar.com\/avatar\/9691087f32321ef1477af5cb5fdbbdf7bd0689736d54cde066e94e6bb5fba756?s=96&r=g","contentUrl":"https:\/\/secure.gravatar.com\/avatar\/9691087f32321ef1477af5cb5fdbbdf7bd0689736d54cde066e94e6bb5fba756?s=96&r=g","caption":"alarna"},"sameAs":["https:\/\/alarna.de"],"url":"https:\/\/alarna.de\/index.php\/author\/alarna\/"}]}},"_links":{"self":[{"href":"https:\/\/alarna.de\/index.php\/wp-json\/wp\/v2\/posts\/328","targetHints":{"allow":["GET"]}}],"collection":[{"href":"https:\/\/alarna.de\/index.php\/wp-json\/wp\/v2\/posts"}],"about":[{"href":"https:\/\/alarna.de\/index.php\/wp-json\/wp\/v2\/types\/post"}],"author":[{"embeddable":true,"href":"https:\/\/alarna.de\/index.php\/wp-json\/wp\/v2\/users\/1"}],"replies":[{"embeddable":true,"href":"https:\/\/alarna.de\/index.php\/wp-json\/wp\/v2\/comments?post=328"}],"version-history":[{"count":0,"href":"https:\/\/alarna.de\/index.php\/wp-json\/wp\/v2\/posts\/328\/revisions"}],"wp:attachment":[{"href":"https:\/\/alarna.de\/index.php\/wp-json\/wp\/v2\/media?parent=328"}],"wp:term":[{"taxonomy":"category","embeddable":true,"href":"https:\/\/alarna.de\/index.php\/wp-json\/wp\/v2\/categories?post=328"},{"taxonomy":"post_tag","embeddable":true,"href":"https:\/\/alarna.de\/index.php\/wp-json\/wp\/v2\/tags?post=328"}],"curies":[{"name":"wp","href":"https:\/\/api.w.org\/{rel}","templated":true}]}}