{"id":320,"date":"2019-08-11T12:28:41","date_gmt":"2019-08-11T10:28:41","guid":{"rendered":"https:\/\/alarna.de\/?p=320"},"modified":"2019-08-11T12:28:41","modified_gmt":"2019-08-11T10:28:41","slug":"nostalgie-st-laurentius-kirmes-in-daun","status":"publish","type":"post","link":"https:\/\/alarna.de\/index.php\/2019\/08\/11\/nostalgie-st-laurentius-kirmes-in-daun\/","title":{"rendered":"Nostalgie &#8211; St. Laurentius Kirmes in Daun"},"content":{"rendered":"\n<img loading=\"lazy\" decoding=\"async\" src=\"https:\/\/alarna.de\/wp-content\/uploads\/2019\/08\/Feuerwerk-1-1.jpg\" alt=\"Feuerwerk\" itemprop=\"image\" height=\"3376\" width=\"6000\" title=\"Feuerwerk\" onerror=\"this.style.display='none'\">\n\t<p>Ich bin jedes Jahr mit meinen Kindern auf die Dauner Kirmes gefahren. Es war immer ein aufregendes Spektakel, vor allem weil sie lange aufbleiben konnten, wir mussten ja das Feuerwerk sehen.<\/p>\n<p>Als die Kinder aus dem Haus waren, zog ich nach Zossen in Brandenburg &#8211; wegen Job und Liebe. Aber alle paar Jahre kehre ich zur\u00fcck und besuche die Dauner Kirmes. Ich vermisse die Eifel, die Menschen hier, die Lebensart und auch die Kirmes. Im Osten gibt es den &#8222;Rummel&#8220;, aber das ist nicht vergleichbar. Ich lache h\u00f6hnisch, wenn das irgendjemand im Osten versucht.<\/p>\n<p>Da bin ich also. Zur\u00fcck in Daun. Meine Tochter lebt hier und wir fahren gemeinsam. Ein Freund hat uns einen Parkplatz besorgt und wie damals gehen wir zu Fu\u00df am H\u00e4mmer vorbei &#8211; nebenbei, wer hat den denn so ver\u00e4ndert? &#8211; lassen den Edeka rechts liegen und kommen dann an der Kirmes an.<\/p>\n<p>Von diesem Moment an k\u00f6nnte man mit geschlossenen Augen \u00fcber die Kirmes gehen und alle paar Meter stehen bleiben und genau sagen, was f\u00fcr ein Wagen oder Stand dort ist. Der Rengener Bierstand, altbekannt, hier wird der erste Stopp gemacht und etwas zu trinken besorgt. Im Stand die Kids von fr\u00fcher, die ich seit der Schulzeit meiner Kinder kenne, jetzt l\u00e4ngst erwachsen und teilweise selber schon Eltern. Der kleine, struwwelige und sch\u00fcchterne Knabe von damals ist heute m\u00e4nnlich, selbstbewusst und tr\u00e4gt Bart. Ich l\u00e4chle vor mich hin als meine Tochter die Getr\u00e4nke holt, begr\u00fc\u00dfe selber die alten Bekannten, die teilweise schon mit sch\u00fctterem Haar zu k\u00e4mpfen haben.<\/p>\n<p>Weiter geht es &#8211; wie immer das \u00dcbliche: Vor den Bierst\u00e4nden ist kein Durchkommen, sie sind wie immer auf allen Seiten bedr\u00e4ngt. Die Gasse hindurch kommt einem jedes Jahr aus Neue vor wie ein verstopftes Rohr. Man k\u00e4mpft sich durch und l\u00e4sst den Bierstand 3 Meter hinter sich und steht quasi im Freien. Leere B\u00e4nke laden zum Sitzen ein, aber nein, wir m\u00fcssen weiter. Nach dem ersten Bier &#8211; bei mir diesmal Wasser, ich muss fahren &#8211; muss gegessen werden. Der Backfischstand an der alten Stelle, genau wie Softeis, Reibekuchen, Chinamann und Crepes. Die Losbude, Autoscooter, Wurfbude. Neu ist der &#8222;Hau den Lukas&#8220;, der herzerfrischend marktschreierisch f\u00fcr den Stand wirbt. Schade, ich bin Frau, ich muss nix hauen, ich h\u00e4tte ihm einen Kunden geg\u00f6nnt.<\/p>\n<p>Das obligatorische &#8222;Ich muss gleich k\u00fcbeln!&#8220; Karussell ist diesmal sehr klein, daf\u00fcr steht daneben ein &#8222;Action Haus&#8220;. Schon vor vielen Jahren wurde oben das Kettenkarussell von einem H\u00fcpfding abgel\u00f6st, mit dem ich nichts anfangen kann. Ich werde alt.<\/p>\n<p>Es werden Crepes gekauft und es geht weiter, am Schwimmbad vorbei, wo eine echt gute Liveband spielt. Queen. &#8222;Mama, just killed a man &#8211; Put a gun against his head &#8211; Pulled my trigger, now he&#8217;s dead &#8211; Mama, life had just begun &#8211; But now I&#8217;ve gone and thrown it all away&#8220;<\/p>\n<p>Wir singen mit, uns gegenseitig anlachend und gehen weiter Richtung Volksbank, damit ich das Feuerwerk filmen kann. Daheim muss ich bei jedem Feuerwerk neben meinem Hund sitzen und ihn tr\u00f6sten. Er hat panische Angst vor Feuerwerk. Jetzt kann ich es ohne Gewissensbisse genie\u00dfen und meinem G\u00f6ttergatten dann den Film zeigen.<\/p>\n<p>Meine Tochter und unser Begleiter halten mich f\u00fcr leicht verr\u00fcckt, aber so kennen sie mich ja schon etwas l\u00e4nger.<\/p>\n<p>Das Feuerwerk war sch\u00f6n, nicht so lang wie fr\u00fcher, aber mittlerweile m\u00fcssen alle Kommunen sparen und blasen nicht mehr so viel Geld in den Himmel. Wegen der Angst der Kleinkinder und Tiere wird es vielleicht bald kein Feuerwerk mehr geben, nur Silvester an einigen Orten. Ich bin froh, dass ich es auf Video habe. Ich bedaure die Entwicklung und begr\u00fc\u00dfe sie auch, als Frauchen eines panischen Tieres hat man sehr zwiesp\u00e4ltige Gef\u00fchle.<\/p>\n<p>Zur\u00fcck zur Kirmes, wo uns dann auch die Vierte im Bunde findet. Nachdem wir uns wieder hochgeboxt haben, landen wir bei den Reibekuchen, machen einen Abstecher auf die Toilette im Kino und besorgen uns ein paar Cocktails. Backfisch essen wir einen anderen Tag, genau wie Champignons und Schoko-Erdbeeren. Dann werde ich auch ein Lebkuchenherz f\u00fcr meinen Mann holen, der daheim auf unseren Zoo aufpasst.<\/p>\n<p>Es ist sp\u00e4t, nein fr\u00fch geworden. Um ein Uhr nachts nehmen wir noch chinesisches Essen mit und ab geht es. Ich bin m\u00fcde, habe Kr\u00e4mpfe in den F\u00fc\u00dfen und die Fototasche schneidet in die Schulter, aber alles in allem bin ich gl\u00fccklich. Egal wie alt ich werde, egal wo ich lebe, hier ist er, der Ort an dem die Zeit still steht und ich mich wie zuhause f\u00fchle.<\/p>\n","protected":false},"excerpt":{"rendered":"","protected":false},"author":1,"featured_media":0,"comment_status":"open","ping_status":"closed","sticky":false,"template":"","format":"standard","meta":{"footnotes":""},"categories":[9],"tags":[26,32,69,86,114],"class_list":["post-320","post","type-post","status-publish","format-standard","hentry","category-things","tag-daun","tag-eifel","tag-kirmes","tag-nostalgie","tag-st-laurentius"],"yoast_head":"<!-- This site is optimized with the Yoast SEO plugin v27.5 - https:\/\/yoast.com\/product\/yoast-seo-wordpress\/ -->\n<title>Nostalgie - St. Laurentius Kirmes in Daun - Alarnas Welt<\/title>\n<meta name=\"robots\" content=\"index, follow, max-snippet:-1, max-image-preview:large, max-video-preview:-1\" \/>\n<link rel=\"canonical\" href=\"https:\/\/alarna.de\/index.php\/2019\/08\/11\/nostalgie-st-laurentius-kirmes-in-daun\/\" \/>\n<meta property=\"og:locale\" content=\"de_DE\" \/>\n<meta property=\"og:type\" content=\"article\" \/>\n<meta property=\"og:title\" content=\"Nostalgie - St. Laurentius Kirmes in Daun - Alarnas Welt\" \/>\n<meta property=\"og:url\" content=\"https:\/\/alarna.de\/index.php\/2019\/08\/11\/nostalgie-st-laurentius-kirmes-in-daun\/\" \/>\n<meta property=\"og:site_name\" content=\"Alarnas Welt\" \/>\n<meta property=\"article:published_time\" content=\"2019-08-11T10:28:41+00:00\" \/>\n<meta property=\"og:image\" content=\"https:\/\/alarna.de\/wp-content\/uploads\/2019\/08\/Feuerwerk.jpg\" \/>\n<meta name=\"author\" content=\"alarna\" \/>\n<meta name=\"twitter:card\" content=\"summary_large_image\" \/>\n<meta name=\"twitter:label1\" content=\"Verfasst von\" \/>\n\t<meta name=\"twitter:data1\" content=\"alarna\" \/>\n\t<meta name=\"twitter:label2\" content=\"Gesch\u00e4tzte Lesezeit\" \/>\n\t<meta name=\"twitter:data2\" content=\"4\u00a0Minuten\" \/>\n<script type=\"application\/ld+json\" class=\"yoast-schema-graph\">{\"@context\":\"https:\\\/\\\/schema.org\",\"@graph\":[{\"@type\":\"Article\",\"@id\":\"https:\\\/\\\/alarna.de\\\/index.php\\\/2019\\\/08\\\/11\\\/nostalgie-st-laurentius-kirmes-in-daun\\\/#article\",\"isPartOf\":{\"@id\":\"https:\\\/\\\/alarna.de\\\/index.php\\\/2019\\\/08\\\/11\\\/nostalgie-st-laurentius-kirmes-in-daun\\\/\"},\"author\":{\"name\":\"alarna\",\"@id\":\"https:\\\/\\\/alarna.de\\\/#\\\/schema\\\/person\\\/2180e0411189fcda16f7566f6543c8c3\"},\"headline\":\"Nostalgie &#8211; St. Laurentius Kirmes in Daun\",\"datePublished\":\"2019-08-11T10:28:41+00:00\",\"mainEntityOfPage\":{\"@id\":\"https:\\\/\\\/alarna.de\\\/index.php\\\/2019\\\/08\\\/11\\\/nostalgie-st-laurentius-kirmes-in-daun\\\/\"},\"wordCount\":801,\"commentCount\":0,\"image\":{\"@id\":\"https:\\\/\\\/alarna.de\\\/index.php\\\/2019\\\/08\\\/11\\\/nostalgie-st-laurentius-kirmes-in-daun\\\/#primaryimage\"},\"thumbnailUrl\":\"https:\\\/\\\/alarna.de\\\/wp-content\\\/uploads\\\/2019\\\/08\\\/Feuerwerk-1-1.jpg\",\"keywords\":[\"Daun\",\"Eifel\",\"Kirmes\",\"Nostalgie\",\"St. Laurentius\"],\"articleSection\":[\"Zweibeiner\"],\"inLanguage\":\"de\",\"potentialAction\":[{\"@type\":\"CommentAction\",\"name\":\"Comment\",\"target\":[\"https:\\\/\\\/alarna.de\\\/index.php\\\/2019\\\/08\\\/11\\\/nostalgie-st-laurentius-kirmes-in-daun\\\/#respond\"]}]},{\"@type\":\"WebPage\",\"@id\":\"https:\\\/\\\/alarna.de\\\/index.php\\\/2019\\\/08\\\/11\\\/nostalgie-st-laurentius-kirmes-in-daun\\\/\",\"url\":\"https:\\\/\\\/alarna.de\\\/index.php\\\/2019\\\/08\\\/11\\\/nostalgie-st-laurentius-kirmes-in-daun\\\/\",\"name\":\"Nostalgie - St. Laurentius Kirmes in Daun - Alarnas Welt\",\"isPartOf\":{\"@id\":\"https:\\\/\\\/alarna.de\\\/#website\"},\"primaryImageOfPage\":{\"@id\":\"https:\\\/\\\/alarna.de\\\/index.php\\\/2019\\\/08\\\/11\\\/nostalgie-st-laurentius-kirmes-in-daun\\\/#primaryimage\"},\"image\":{\"@id\":\"https:\\\/\\\/alarna.de\\\/index.php\\\/2019\\\/08\\\/11\\\/nostalgie-st-laurentius-kirmes-in-daun\\\/#primaryimage\"},\"thumbnailUrl\":\"https:\\\/\\\/alarna.de\\\/wp-content\\\/uploads\\\/2019\\\/08\\\/Feuerwerk-1-1.jpg\",\"datePublished\":\"2019-08-11T10:28:41+00:00\",\"author\":{\"@id\":\"https:\\\/\\\/alarna.de\\\/#\\\/schema\\\/person\\\/2180e0411189fcda16f7566f6543c8c3\"},\"breadcrumb\":{\"@id\":\"https:\\\/\\\/alarna.de\\\/index.php\\\/2019\\\/08\\\/11\\\/nostalgie-st-laurentius-kirmes-in-daun\\\/#breadcrumb\"},\"inLanguage\":\"de\",\"potentialAction\":[{\"@type\":\"ReadAction\",\"target\":[\"https:\\\/\\\/alarna.de\\\/index.php\\\/2019\\\/08\\\/11\\\/nostalgie-st-laurentius-kirmes-in-daun\\\/\"]}]},{\"@type\":\"ImageObject\",\"inLanguage\":\"de\",\"@id\":\"https:\\\/\\\/alarna.de\\\/index.php\\\/2019\\\/08\\\/11\\\/nostalgie-st-laurentius-kirmes-in-daun\\\/#primaryimage\",\"url\":\"https:\\\/\\\/alarna.de\\\/wp-content\\\/uploads\\\/2019\\\/08\\\/Feuerwerk-1-1.jpg\",\"contentUrl\":\"https:\\\/\\\/alarna.de\\\/wp-content\\\/uploads\\\/2019\\\/08\\\/Feuerwerk-1-1.jpg\"},{\"@type\":\"BreadcrumbList\",\"@id\":\"https:\\\/\\\/alarna.de\\\/index.php\\\/2019\\\/08\\\/11\\\/nostalgie-st-laurentius-kirmes-in-daun\\\/#breadcrumb\",\"itemListElement\":[{\"@type\":\"ListItem\",\"position\":1,\"name\":\"Startseite\",\"item\":\"https:\\\/\\\/alarna.de\\\/\"},{\"@type\":\"ListItem\",\"position\":2,\"name\":\"Nostalgie &#8211; St. Laurentius Kirmes in Daun\"}]},{\"@type\":\"WebSite\",\"@id\":\"https:\\\/\\\/alarna.de\\\/#website\",\"url\":\"https:\\\/\\\/alarna.de\\\/\",\"name\":\"Alarnas Welt\",\"description\":\"Tierisch viel los\",\"potentialAction\":[{\"@type\":\"SearchAction\",\"target\":{\"@type\":\"EntryPoint\",\"urlTemplate\":\"https:\\\/\\\/alarna.de\\\/?s={search_term_string}\"},\"query-input\":{\"@type\":\"PropertyValueSpecification\",\"valueRequired\":true,\"valueName\":\"search_term_string\"}}],\"inLanguage\":\"de\"},{\"@type\":\"Person\",\"@id\":\"https:\\\/\\\/alarna.de\\\/#\\\/schema\\\/person\\\/2180e0411189fcda16f7566f6543c8c3\",\"name\":\"alarna\",\"image\":{\"@type\":\"ImageObject\",\"inLanguage\":\"de\",\"@id\":\"https:\\\/\\\/secure.gravatar.com\\\/avatar\\\/9691087f32321ef1477af5cb5fdbbdf7bd0689736d54cde066e94e6bb5fba756?s=96&r=g\",\"url\":\"https:\\\/\\\/secure.gravatar.com\\\/avatar\\\/9691087f32321ef1477af5cb5fdbbdf7bd0689736d54cde066e94e6bb5fba756?s=96&r=g\",\"contentUrl\":\"https:\\\/\\\/secure.gravatar.com\\\/avatar\\\/9691087f32321ef1477af5cb5fdbbdf7bd0689736d54cde066e94e6bb5fba756?s=96&r=g\",\"caption\":\"alarna\"},\"sameAs\":[\"https:\\\/\\\/alarna.de\"],\"url\":\"https:\\\/\\\/alarna.de\\\/index.php\\\/author\\\/alarna\\\/\"}]}<\/script>\n<!-- \/ Yoast SEO plugin. -->","yoast_head_json":{"title":"Nostalgie - St. Laurentius Kirmes in Daun - Alarnas Welt","robots":{"index":"index","follow":"follow","max-snippet":"max-snippet:-1","max-image-preview":"max-image-preview:large","max-video-preview":"max-video-preview:-1"},"canonical":"https:\/\/alarna.de\/index.php\/2019\/08\/11\/nostalgie-st-laurentius-kirmes-in-daun\/","og_locale":"de_DE","og_type":"article","og_title":"Nostalgie - St. Laurentius Kirmes in Daun - Alarnas Welt","og_url":"https:\/\/alarna.de\/index.php\/2019\/08\/11\/nostalgie-st-laurentius-kirmes-in-daun\/","og_site_name":"Alarnas Welt","article_published_time":"2019-08-11T10:28:41+00:00","og_image":[{"url":"https:\/\/alarna.de\/wp-content\/uploads\/2019\/08\/Feuerwerk.jpg","type":"","width":"","height":""}],"author":"alarna","twitter_card":"summary_large_image","twitter_misc":{"Verfasst von":"alarna","Gesch\u00e4tzte Lesezeit":"4\u00a0Minuten"},"schema":{"@context":"https:\/\/schema.org","@graph":[{"@type":"Article","@id":"https:\/\/alarna.de\/index.php\/2019\/08\/11\/nostalgie-st-laurentius-kirmes-in-daun\/#article","isPartOf":{"@id":"https:\/\/alarna.de\/index.php\/2019\/08\/11\/nostalgie-st-laurentius-kirmes-in-daun\/"},"author":{"name":"alarna","@id":"https:\/\/alarna.de\/#\/schema\/person\/2180e0411189fcda16f7566f6543c8c3"},"headline":"Nostalgie &#8211; St. Laurentius Kirmes in Daun","datePublished":"2019-08-11T10:28:41+00:00","mainEntityOfPage":{"@id":"https:\/\/alarna.de\/index.php\/2019\/08\/11\/nostalgie-st-laurentius-kirmes-in-daun\/"},"wordCount":801,"commentCount":0,"image":{"@id":"https:\/\/alarna.de\/index.php\/2019\/08\/11\/nostalgie-st-laurentius-kirmes-in-daun\/#primaryimage"},"thumbnailUrl":"https:\/\/alarna.de\/wp-content\/uploads\/2019\/08\/Feuerwerk-1-1.jpg","keywords":["Daun","Eifel","Kirmes","Nostalgie","St. Laurentius"],"articleSection":["Zweibeiner"],"inLanguage":"de","potentialAction":[{"@type":"CommentAction","name":"Comment","target":["https:\/\/alarna.de\/index.php\/2019\/08\/11\/nostalgie-st-laurentius-kirmes-in-daun\/#respond"]}]},{"@type":"WebPage","@id":"https:\/\/alarna.de\/index.php\/2019\/08\/11\/nostalgie-st-laurentius-kirmes-in-daun\/","url":"https:\/\/alarna.de\/index.php\/2019\/08\/11\/nostalgie-st-laurentius-kirmes-in-daun\/","name":"Nostalgie - St. Laurentius Kirmes in Daun - Alarnas Welt","isPartOf":{"@id":"https:\/\/alarna.de\/#website"},"primaryImageOfPage":{"@id":"https:\/\/alarna.de\/index.php\/2019\/08\/11\/nostalgie-st-laurentius-kirmes-in-daun\/#primaryimage"},"image":{"@id":"https:\/\/alarna.de\/index.php\/2019\/08\/11\/nostalgie-st-laurentius-kirmes-in-daun\/#primaryimage"},"thumbnailUrl":"https:\/\/alarna.de\/wp-content\/uploads\/2019\/08\/Feuerwerk-1-1.jpg","datePublished":"2019-08-11T10:28:41+00:00","author":{"@id":"https:\/\/alarna.de\/#\/schema\/person\/2180e0411189fcda16f7566f6543c8c3"},"breadcrumb":{"@id":"https:\/\/alarna.de\/index.php\/2019\/08\/11\/nostalgie-st-laurentius-kirmes-in-daun\/#breadcrumb"},"inLanguage":"de","potentialAction":[{"@type":"ReadAction","target":["https:\/\/alarna.de\/index.php\/2019\/08\/11\/nostalgie-st-laurentius-kirmes-in-daun\/"]}]},{"@type":"ImageObject","inLanguage":"de","@id":"https:\/\/alarna.de\/index.php\/2019\/08\/11\/nostalgie-st-laurentius-kirmes-in-daun\/#primaryimage","url":"https:\/\/alarna.de\/wp-content\/uploads\/2019\/08\/Feuerwerk-1-1.jpg","contentUrl":"https:\/\/alarna.de\/wp-content\/uploads\/2019\/08\/Feuerwerk-1-1.jpg"},{"@type":"BreadcrumbList","@id":"https:\/\/alarna.de\/index.php\/2019\/08\/11\/nostalgie-st-laurentius-kirmes-in-daun\/#breadcrumb","itemListElement":[{"@type":"ListItem","position":1,"name":"Startseite","item":"https:\/\/alarna.de\/"},{"@type":"ListItem","position":2,"name":"Nostalgie &#8211; St. Laurentius Kirmes in Daun"}]},{"@type":"WebSite","@id":"https:\/\/alarna.de\/#website","url":"https:\/\/alarna.de\/","name":"Alarnas Welt","description":"Tierisch viel los","potentialAction":[{"@type":"SearchAction","target":{"@type":"EntryPoint","urlTemplate":"https:\/\/alarna.de\/?s={search_term_string}"},"query-input":{"@type":"PropertyValueSpecification","valueRequired":true,"valueName":"search_term_string"}}],"inLanguage":"de"},{"@type":"Person","@id":"https:\/\/alarna.de\/#\/schema\/person\/2180e0411189fcda16f7566f6543c8c3","name":"alarna","image":{"@type":"ImageObject","inLanguage":"de","@id":"https:\/\/secure.gravatar.com\/avatar\/9691087f32321ef1477af5cb5fdbbdf7bd0689736d54cde066e94e6bb5fba756?s=96&r=g","url":"https:\/\/secure.gravatar.com\/avatar\/9691087f32321ef1477af5cb5fdbbdf7bd0689736d54cde066e94e6bb5fba756?s=96&r=g","contentUrl":"https:\/\/secure.gravatar.com\/avatar\/9691087f32321ef1477af5cb5fdbbdf7bd0689736d54cde066e94e6bb5fba756?s=96&r=g","caption":"alarna"},"sameAs":["https:\/\/alarna.de"],"url":"https:\/\/alarna.de\/index.php\/author\/alarna\/"}]}},"_links":{"self":[{"href":"https:\/\/alarna.de\/index.php\/wp-json\/wp\/v2\/posts\/320","targetHints":{"allow":["GET"]}}],"collection":[{"href":"https:\/\/alarna.de\/index.php\/wp-json\/wp\/v2\/posts"}],"about":[{"href":"https:\/\/alarna.de\/index.php\/wp-json\/wp\/v2\/types\/post"}],"author":[{"embeddable":true,"href":"https:\/\/alarna.de\/index.php\/wp-json\/wp\/v2\/users\/1"}],"replies":[{"embeddable":true,"href":"https:\/\/alarna.de\/index.php\/wp-json\/wp\/v2\/comments?post=320"}],"version-history":[{"count":0,"href":"https:\/\/alarna.de\/index.php\/wp-json\/wp\/v2\/posts\/320\/revisions"}],"wp:attachment":[{"href":"https:\/\/alarna.de\/index.php\/wp-json\/wp\/v2\/media?parent=320"}],"wp:term":[{"taxonomy":"category","embeddable":true,"href":"https:\/\/alarna.de\/index.php\/wp-json\/wp\/v2\/categories?post=320"},{"taxonomy":"post_tag","embeddable":true,"href":"https:\/\/alarna.de\/index.php\/wp-json\/wp\/v2\/tags?post=320"}],"curies":[{"name":"wp","href":"https:\/\/api.w.org\/{rel}","templated":true}]}}