{"id":315,"date":"2019-08-05T20:42:51","date_gmt":"2019-08-05T18:42:51","guid":{"rendered":"https:\/\/alarna.de\/?p=315"},"modified":"2019-08-05T20:42:51","modified_gmt":"2019-08-05T18:42:51","slug":"kasperle-theater-oder-auch-landtagswahl-in-brandenburg","status":"publish","type":"post","link":"https:\/\/alarna.de\/index.php\/2019\/08\/05\/kasperle-theater-oder-auch-landtagswahl-in-brandenburg\/","title":{"rendered":"Kasperle-Theater oder auch: Landtagswahl in Brandenburg"},"content":{"rendered":"\n\t\t\t\t<img loading=\"lazy\" decoding=\"async\" src=\"https:\/\/alarna.de\/wp-content\/uploads\/2019\/08\/Wegweiser-1-1.jpg\" alt=\"Wegweiser\" itemprop=\"image\" height=\"1280\" width=\"1920\" title=\"Wegweiser\" onerror=\"this.style.display='none'\"  \/>\n\t<p>Es war einmal und ist nicht mehr &#8211; intelligente Wahlwerbung. So k\u00f6nnte man schon seit etlichen Jahren st\u00f6hnen und die Landtagswahl 2019 in Brandenburg ist da keine Ausnahme.<\/p>\n<p>&nbsp;<\/p>\n<p>Gestatten:<\/p>\n<p>SPD<\/p>\n<p>Ein Plakat mit Woidke, er wirbt f\u00fcr EIN Brandenburg. Was will der gute Mann uns damit sagen? Es gibt 2 Brandenburg, Stadt und Land. Da er f\u00fcr das Land kandidiert, stellt sich die Frage: Was soll aus Brandenburg an der Havel werden? Wird es umbenannt?<\/p>\n<p>Was er eigentlich meint, ist ein Brandenburg, in dem sich alle einig sind und lieb haben. H\u00e4tte er doch aufs Plakat setzen k\u00f6nnen&#8230;<\/p>\n<p>&nbsp;<\/p>\n<p>CDU und FDP<\/p>\n<p>&#8222;Ganz Brandenburg wachsen lassen&#8220; sagt die CDU und die FDP sagt: &#8222;Brandenburg w\u00e4chst mit seinen B\u00fcrgern&#8220; &#8211; dazu Pfeile in alle Himmelsrichtungen. Nun, den Versuch hatten wir schon, vor vielen Jahren. Da wurde Polen annektiert und die Russen haben uns \u00fcberrannt. Keine gute Idee.<\/p>\n<p>Was meinen sie wirklich? Die Wirtschaft soll wachsen und den B\u00fcrgern soll es finanziell besser gehen. Warum sagen sie das nicht gleich?<\/p>\n<p>&nbsp;<\/p>\n<p>Linke<\/p>\n<p>Die Linke ist schnell abgehandelt. In gro\u00dfen Buchstaben stehen da: BIENE oder dergleichen, alles Schlagw\u00f6rter die man bei den GR\u00dcNEN findet. Momentan kann man keinen Unterschied feststellen, au\u00dfer, dass die Linken-Plakate einen mit ihren Gro\u00dfbuchstaben erschlagen.<\/p>\n<p>&nbsp;<\/p>\n<p>AfD<\/p>\n<p>Die AfD hat ein ganz anderes Problem, sie meint: &#8222;Hol Dir Dein Land zur\u00fcck!&#8220; Ja wo isses denn hin? Vielleicht h\u00e4tten sie eine &#8222;Vermisst&#8220; Meldung machen sollen. Das Land ist vor dem Irrsinn der AfD geflohen &#8211; w\u00fcrde ich auch gerne.<\/p>\n<p>Was sie wirklich meinen ist: Ausl\u00e4nder raus! Deutschland den Deutschen. Siehe CDU und FDP, das hatten wir schon. Ich h\u00f6r schon die Russen anklopfen..<\/p>\n<p>&nbsp;<\/p>\n<p>Die Gr\u00fcnen<\/p>\n<p>&#8222;Hallo Wutz, tsch\u00fcs Tierqu\u00e4lerei.&#8220; Echt jetzt?\u00a0 &#8222;Hallo Biene &#8211; tsch\u00fcs Pestizide&#8220; &#8222;Hallo Kinder &#8211; tsch\u00fcs Armut&#8220; &#8211; hat denen noch keiner gesagt, dass das ein Widerspruch in sich ist?<\/p>\n<p>&#8222;Hallo Ursula, tsch\u00fcs Benjamin&#8220; &#8211; ach nein, halt, es hei\u00dft HALLO Benjamin. Bei all den anderen Hallo und tsch\u00fcs kann man ja mal durcheinander kommen. Ich denke ja, das ist ein raffinierter Zug gewesen, weil man sofort tsch\u00fcs Benjamin denkt. Ein Schelm und so, gell?<\/p>\n<p>Was sie wirklich meinen: Frauen vor und heile Welt in Kindersprache. Danke, aber nein danke.<\/p>\n<p>&nbsp;<\/p>\n<p>&nbsp;<\/p>\n<p>&nbsp;<\/p>\n","protected":false},"excerpt":{"rendered":"","protected":false},"author":1,"featured_media":0,"comment_status":"open","ping_status":"closed","sticky":false,"template":"","format":"standard","meta":{"footnotes":""},"categories":[9],"tags":[20,73,89,91,128],"class_list":["post-315","post","type-post","status-publish","format-standard","hentry","category-things","tag-brandenburg","tag-landtagswahl","tag-plakate","tag-politik","tag-wahl"],"yoast_head":"<!-- This site is optimized with the Yoast SEO plugin v27.5 - https:\/\/yoast.com\/product\/yoast-seo-wordpress\/ -->\n<title>Kasperle-Theater oder auch: Landtagswahl in Brandenburg - Alarnas Welt<\/title>\n<meta name=\"robots\" content=\"index, follow, max-snippet:-1, max-image-preview:large, max-video-preview:-1\" \/>\n<link rel=\"canonical\" href=\"https:\/\/alarna.de\/index.php\/2019\/08\/05\/kasperle-theater-oder-auch-landtagswahl-in-brandenburg\/\" \/>\n<meta property=\"og:locale\" content=\"de_DE\" \/>\n<meta property=\"og:type\" content=\"article\" \/>\n<meta property=\"og:title\" content=\"Kasperle-Theater oder auch: Landtagswahl in Brandenburg - Alarnas Welt\" \/>\n<meta property=\"og:url\" content=\"https:\/\/alarna.de\/index.php\/2019\/08\/05\/kasperle-theater-oder-auch-landtagswahl-in-brandenburg\/\" \/>\n<meta property=\"og:site_name\" content=\"Alarnas Welt\" \/>\n<meta property=\"article:published_time\" content=\"2019-08-05T18:42:51+00:00\" \/>\n<meta property=\"og:image\" content=\"https:\/\/alarna.de\/wp-content\/uploads\/2019\/08\/Wegweiser.jpg\" \/>\n<meta name=\"author\" content=\"alarna\" \/>\n<meta name=\"twitter:card\" content=\"summary_large_image\" \/>\n<meta name=\"twitter:label1\" content=\"Verfasst von\" \/>\n\t<meta name=\"twitter:data1\" content=\"alarna\" \/>\n\t<meta name=\"twitter:label2\" content=\"Gesch\u00e4tzte Lesezeit\" \/>\n\t<meta name=\"twitter:data2\" content=\"2\u00a0Minuten\" \/>\n<script type=\"application\/ld+json\" class=\"yoast-schema-graph\">{\"@context\":\"https:\\\/\\\/schema.org\",\"@graph\":[{\"@type\":\"Article\",\"@id\":\"https:\\\/\\\/alarna.de\\\/index.php\\\/2019\\\/08\\\/05\\\/kasperle-theater-oder-auch-landtagswahl-in-brandenburg\\\/#article\",\"isPartOf\":{\"@id\":\"https:\\\/\\\/alarna.de\\\/index.php\\\/2019\\\/08\\\/05\\\/kasperle-theater-oder-auch-landtagswahl-in-brandenburg\\\/\"},\"author\":{\"name\":\"alarna\",\"@id\":\"https:\\\/\\\/alarna.de\\\/#\\\/schema\\\/person\\\/2180e0411189fcda16f7566f6543c8c3\"},\"headline\":\"Kasperle-Theater oder auch: Landtagswahl in Brandenburg\",\"datePublished\":\"2019-08-05T18:42:51+00:00\",\"mainEntityOfPage\":{\"@id\":\"https:\\\/\\\/alarna.de\\\/index.php\\\/2019\\\/08\\\/05\\\/kasperle-theater-oder-auch-landtagswahl-in-brandenburg\\\/\"},\"wordCount\":401,\"commentCount\":0,\"image\":{\"@id\":\"https:\\\/\\\/alarna.de\\\/index.php\\\/2019\\\/08\\\/05\\\/kasperle-theater-oder-auch-landtagswahl-in-brandenburg\\\/#primaryimage\"},\"thumbnailUrl\":\"https:\\\/\\\/alarna.de\\\/wp-content\\\/uploads\\\/2019\\\/08\\\/Wegweiser-1-1.jpg\",\"keywords\":[\"brandenburg\",\"landtagswahl\",\"plakate\",\"politik\",\"wahl\"],\"articleSection\":[\"Zweibeiner\"],\"inLanguage\":\"de\",\"potentialAction\":[{\"@type\":\"CommentAction\",\"name\":\"Comment\",\"target\":[\"https:\\\/\\\/alarna.de\\\/index.php\\\/2019\\\/08\\\/05\\\/kasperle-theater-oder-auch-landtagswahl-in-brandenburg\\\/#respond\"]}]},{\"@type\":\"WebPage\",\"@id\":\"https:\\\/\\\/alarna.de\\\/index.php\\\/2019\\\/08\\\/05\\\/kasperle-theater-oder-auch-landtagswahl-in-brandenburg\\\/\",\"url\":\"https:\\\/\\\/alarna.de\\\/index.php\\\/2019\\\/08\\\/05\\\/kasperle-theater-oder-auch-landtagswahl-in-brandenburg\\\/\",\"name\":\"Kasperle-Theater oder auch: Landtagswahl in Brandenburg - Alarnas Welt\",\"isPartOf\":{\"@id\":\"https:\\\/\\\/alarna.de\\\/#website\"},\"primaryImageOfPage\":{\"@id\":\"https:\\\/\\\/alarna.de\\\/index.php\\\/2019\\\/08\\\/05\\\/kasperle-theater-oder-auch-landtagswahl-in-brandenburg\\\/#primaryimage\"},\"image\":{\"@id\":\"https:\\\/\\\/alarna.de\\\/index.php\\\/2019\\\/08\\\/05\\\/kasperle-theater-oder-auch-landtagswahl-in-brandenburg\\\/#primaryimage\"},\"thumbnailUrl\":\"https:\\\/\\\/alarna.de\\\/wp-content\\\/uploads\\\/2019\\\/08\\\/Wegweiser-1-1.jpg\",\"datePublished\":\"2019-08-05T18:42:51+00:00\",\"author\":{\"@id\":\"https:\\\/\\\/alarna.de\\\/#\\\/schema\\\/person\\\/2180e0411189fcda16f7566f6543c8c3\"},\"breadcrumb\":{\"@id\":\"https:\\\/\\\/alarna.de\\\/index.php\\\/2019\\\/08\\\/05\\\/kasperle-theater-oder-auch-landtagswahl-in-brandenburg\\\/#breadcrumb\"},\"inLanguage\":\"de\",\"potentialAction\":[{\"@type\":\"ReadAction\",\"target\":[\"https:\\\/\\\/alarna.de\\\/index.php\\\/2019\\\/08\\\/05\\\/kasperle-theater-oder-auch-landtagswahl-in-brandenburg\\\/\"]}]},{\"@type\":\"ImageObject\",\"inLanguage\":\"de\",\"@id\":\"https:\\\/\\\/alarna.de\\\/index.php\\\/2019\\\/08\\\/05\\\/kasperle-theater-oder-auch-landtagswahl-in-brandenburg\\\/#primaryimage\",\"url\":\"https:\\\/\\\/alarna.de\\\/wp-content\\\/uploads\\\/2019\\\/08\\\/Wegweiser-1-1.jpg\",\"contentUrl\":\"https:\\\/\\\/alarna.de\\\/wp-content\\\/uploads\\\/2019\\\/08\\\/Wegweiser-1-1.jpg\"},{\"@type\":\"BreadcrumbList\",\"@id\":\"https:\\\/\\\/alarna.de\\\/index.php\\\/2019\\\/08\\\/05\\\/kasperle-theater-oder-auch-landtagswahl-in-brandenburg\\\/#breadcrumb\",\"itemListElement\":[{\"@type\":\"ListItem\",\"position\":1,\"name\":\"Startseite\",\"item\":\"https:\\\/\\\/alarna.de\\\/\"},{\"@type\":\"ListItem\",\"position\":2,\"name\":\"Kasperle-Theater oder auch: Landtagswahl in Brandenburg\"}]},{\"@type\":\"WebSite\",\"@id\":\"https:\\\/\\\/alarna.de\\\/#website\",\"url\":\"https:\\\/\\\/alarna.de\\\/\",\"name\":\"Alarnas Welt\",\"description\":\"Tierisch viel los\",\"potentialAction\":[{\"@type\":\"SearchAction\",\"target\":{\"@type\":\"EntryPoint\",\"urlTemplate\":\"https:\\\/\\\/alarna.de\\\/?s={search_term_string}\"},\"query-input\":{\"@type\":\"PropertyValueSpecification\",\"valueRequired\":true,\"valueName\":\"search_term_string\"}}],\"inLanguage\":\"de\"},{\"@type\":\"Person\",\"@id\":\"https:\\\/\\\/alarna.de\\\/#\\\/schema\\\/person\\\/2180e0411189fcda16f7566f6543c8c3\",\"name\":\"alarna\",\"image\":{\"@type\":\"ImageObject\",\"inLanguage\":\"de\",\"@id\":\"https:\\\/\\\/secure.gravatar.com\\\/avatar\\\/9691087f32321ef1477af5cb5fdbbdf7bd0689736d54cde066e94e6bb5fba756?s=96&r=g\",\"url\":\"https:\\\/\\\/secure.gravatar.com\\\/avatar\\\/9691087f32321ef1477af5cb5fdbbdf7bd0689736d54cde066e94e6bb5fba756?s=96&r=g\",\"contentUrl\":\"https:\\\/\\\/secure.gravatar.com\\\/avatar\\\/9691087f32321ef1477af5cb5fdbbdf7bd0689736d54cde066e94e6bb5fba756?s=96&r=g\",\"caption\":\"alarna\"},\"sameAs\":[\"https:\\\/\\\/alarna.de\"],\"url\":\"https:\\\/\\\/alarna.de\\\/index.php\\\/author\\\/alarna\\\/\"}]}<\/script>\n<!-- \/ Yoast SEO plugin. -->","yoast_head_json":{"title":"Kasperle-Theater oder auch: Landtagswahl in Brandenburg - Alarnas Welt","robots":{"index":"index","follow":"follow","max-snippet":"max-snippet:-1","max-image-preview":"max-image-preview:large","max-video-preview":"max-video-preview:-1"},"canonical":"https:\/\/alarna.de\/index.php\/2019\/08\/05\/kasperle-theater-oder-auch-landtagswahl-in-brandenburg\/","og_locale":"de_DE","og_type":"article","og_title":"Kasperle-Theater oder auch: Landtagswahl in Brandenburg - Alarnas Welt","og_url":"https:\/\/alarna.de\/index.php\/2019\/08\/05\/kasperle-theater-oder-auch-landtagswahl-in-brandenburg\/","og_site_name":"Alarnas Welt","article_published_time":"2019-08-05T18:42:51+00:00","og_image":[{"url":"https:\/\/alarna.de\/wp-content\/uploads\/2019\/08\/Wegweiser.jpg","type":"","width":"","height":""}],"author":"alarna","twitter_card":"summary_large_image","twitter_misc":{"Verfasst von":"alarna","Gesch\u00e4tzte Lesezeit":"2\u00a0Minuten"},"schema":{"@context":"https:\/\/schema.org","@graph":[{"@type":"Article","@id":"https:\/\/alarna.de\/index.php\/2019\/08\/05\/kasperle-theater-oder-auch-landtagswahl-in-brandenburg\/#article","isPartOf":{"@id":"https:\/\/alarna.de\/index.php\/2019\/08\/05\/kasperle-theater-oder-auch-landtagswahl-in-brandenburg\/"},"author":{"name":"alarna","@id":"https:\/\/alarna.de\/#\/schema\/person\/2180e0411189fcda16f7566f6543c8c3"},"headline":"Kasperle-Theater oder auch: Landtagswahl in Brandenburg","datePublished":"2019-08-05T18:42:51+00:00","mainEntityOfPage":{"@id":"https:\/\/alarna.de\/index.php\/2019\/08\/05\/kasperle-theater-oder-auch-landtagswahl-in-brandenburg\/"},"wordCount":401,"commentCount":0,"image":{"@id":"https:\/\/alarna.de\/index.php\/2019\/08\/05\/kasperle-theater-oder-auch-landtagswahl-in-brandenburg\/#primaryimage"},"thumbnailUrl":"https:\/\/alarna.de\/wp-content\/uploads\/2019\/08\/Wegweiser-1-1.jpg","keywords":["brandenburg","landtagswahl","plakate","politik","wahl"],"articleSection":["Zweibeiner"],"inLanguage":"de","potentialAction":[{"@type":"CommentAction","name":"Comment","target":["https:\/\/alarna.de\/index.php\/2019\/08\/05\/kasperle-theater-oder-auch-landtagswahl-in-brandenburg\/#respond"]}]},{"@type":"WebPage","@id":"https:\/\/alarna.de\/index.php\/2019\/08\/05\/kasperle-theater-oder-auch-landtagswahl-in-brandenburg\/","url":"https:\/\/alarna.de\/index.php\/2019\/08\/05\/kasperle-theater-oder-auch-landtagswahl-in-brandenburg\/","name":"Kasperle-Theater oder auch: Landtagswahl in Brandenburg - Alarnas Welt","isPartOf":{"@id":"https:\/\/alarna.de\/#website"},"primaryImageOfPage":{"@id":"https:\/\/alarna.de\/index.php\/2019\/08\/05\/kasperle-theater-oder-auch-landtagswahl-in-brandenburg\/#primaryimage"},"image":{"@id":"https:\/\/alarna.de\/index.php\/2019\/08\/05\/kasperle-theater-oder-auch-landtagswahl-in-brandenburg\/#primaryimage"},"thumbnailUrl":"https:\/\/alarna.de\/wp-content\/uploads\/2019\/08\/Wegweiser-1-1.jpg","datePublished":"2019-08-05T18:42:51+00:00","author":{"@id":"https:\/\/alarna.de\/#\/schema\/person\/2180e0411189fcda16f7566f6543c8c3"},"breadcrumb":{"@id":"https:\/\/alarna.de\/index.php\/2019\/08\/05\/kasperle-theater-oder-auch-landtagswahl-in-brandenburg\/#breadcrumb"},"inLanguage":"de","potentialAction":[{"@type":"ReadAction","target":["https:\/\/alarna.de\/index.php\/2019\/08\/05\/kasperle-theater-oder-auch-landtagswahl-in-brandenburg\/"]}]},{"@type":"ImageObject","inLanguage":"de","@id":"https:\/\/alarna.de\/index.php\/2019\/08\/05\/kasperle-theater-oder-auch-landtagswahl-in-brandenburg\/#primaryimage","url":"https:\/\/alarna.de\/wp-content\/uploads\/2019\/08\/Wegweiser-1-1.jpg","contentUrl":"https:\/\/alarna.de\/wp-content\/uploads\/2019\/08\/Wegweiser-1-1.jpg"},{"@type":"BreadcrumbList","@id":"https:\/\/alarna.de\/index.php\/2019\/08\/05\/kasperle-theater-oder-auch-landtagswahl-in-brandenburg\/#breadcrumb","itemListElement":[{"@type":"ListItem","position":1,"name":"Startseite","item":"https:\/\/alarna.de\/"},{"@type":"ListItem","position":2,"name":"Kasperle-Theater oder auch: Landtagswahl in Brandenburg"}]},{"@type":"WebSite","@id":"https:\/\/alarna.de\/#website","url":"https:\/\/alarna.de\/","name":"Alarnas Welt","description":"Tierisch viel los","potentialAction":[{"@type":"SearchAction","target":{"@type":"EntryPoint","urlTemplate":"https:\/\/alarna.de\/?s={search_term_string}"},"query-input":{"@type":"PropertyValueSpecification","valueRequired":true,"valueName":"search_term_string"}}],"inLanguage":"de"},{"@type":"Person","@id":"https:\/\/alarna.de\/#\/schema\/person\/2180e0411189fcda16f7566f6543c8c3","name":"alarna","image":{"@type":"ImageObject","inLanguage":"de","@id":"https:\/\/secure.gravatar.com\/avatar\/9691087f32321ef1477af5cb5fdbbdf7bd0689736d54cde066e94e6bb5fba756?s=96&r=g","url":"https:\/\/secure.gravatar.com\/avatar\/9691087f32321ef1477af5cb5fdbbdf7bd0689736d54cde066e94e6bb5fba756?s=96&r=g","contentUrl":"https:\/\/secure.gravatar.com\/avatar\/9691087f32321ef1477af5cb5fdbbdf7bd0689736d54cde066e94e6bb5fba756?s=96&r=g","caption":"alarna"},"sameAs":["https:\/\/alarna.de"],"url":"https:\/\/alarna.de\/index.php\/author\/alarna\/"}]}},"_links":{"self":[{"href":"https:\/\/alarna.de\/index.php\/wp-json\/wp\/v2\/posts\/315","targetHints":{"allow":["GET"]}}],"collection":[{"href":"https:\/\/alarna.de\/index.php\/wp-json\/wp\/v2\/posts"}],"about":[{"href":"https:\/\/alarna.de\/index.php\/wp-json\/wp\/v2\/types\/post"}],"author":[{"embeddable":true,"href":"https:\/\/alarna.de\/index.php\/wp-json\/wp\/v2\/users\/1"}],"replies":[{"embeddable":true,"href":"https:\/\/alarna.de\/index.php\/wp-json\/wp\/v2\/comments?post=315"}],"version-history":[{"count":0,"href":"https:\/\/alarna.de\/index.php\/wp-json\/wp\/v2\/posts\/315\/revisions"}],"wp:attachment":[{"href":"https:\/\/alarna.de\/index.php\/wp-json\/wp\/v2\/media?parent=315"}],"wp:term":[{"taxonomy":"category","embeddable":true,"href":"https:\/\/alarna.de\/index.php\/wp-json\/wp\/v2\/categories?post=315"},{"taxonomy":"post_tag","embeddable":true,"href":"https:\/\/alarna.de\/index.php\/wp-json\/wp\/v2\/tags?post=315"}],"curies":[{"name":"wp","href":"https:\/\/api.w.org\/{rel}","templated":true}]}}