{"id":2674,"date":"2022-10-10T20:28:31","date_gmt":"2022-10-10T18:28:31","guid":{"rendered":"https:\/\/alarna.de\/?p=2674"},"modified":"2023-04-17T19:46:30","modified_gmt":"2023-04-17T17:46:30","slug":"die-gaspreisbremse","status":"publish","type":"post","link":"https:\/\/alarna.de\/index.php\/2022\/10\/10\/die-gaspreisbremse\/","title":{"rendered":"Die Gaspreisbremse und teure Briefe"},"content":{"rendered":"\n<p>Es gibt Tage, an denen m\u00f6chte aus lauter Frust etwas kaputt machen. Oder sich den Frust von der Seele schreiben. Die heutigen Nachrichten aus dem deutschen \u00c4rzteblatt f\u00fchren bei mir zu genau diesem Effekt.<\/p>\n\n\n\n<h4 class=\"wp-block-heading\">Impfkampagne<\/h4>\n\n\n\n<p>Beginnen wir mit einer ph\u00e4nomenalen Geldverschwendung. Klabauterbach pers\u00f6nlich ist mal wieder auf Impf-Werbe-Tour. Vermutlich bekommt er Geld von Biontech oder hat Aktien von da oder was auch immer.<\/p>\n\n\n\n<p>24 Millionen Menschen in Deutschland sind \u00fcber 60 Jahre alt. All diese Menschen wurden oder werden von ihm angeschrieben &#8211; \u00fcber die Krankenversicherungen. Mit normaler Briefpost. Macht 24 Millionen mal 0,85 \u20ac also 20.400.000 \u20ac Porto. Zwanzig Millionen vierhunderttausend Euro. Da sind jedoch noch nicht die Kosten der Krankenkassen f\u00fcr Papier und Arbeit enthalten. Das alles, damit der Minister &#8222;pers\u00f6nlich&#8220; f\u00fcr eine erneute Impfung werben kann.<\/p>\n\n\n\n<p>Wir haben es ja&#8230;.<\/p>\n\n\n\n<h4 class=\"wp-block-heading\">Die Gaspreisbremse<\/h4>\n\n\n\n<p>Um dem gemeinen Volk zu helfen, wurde eine Gaspreiskommission ins Leben gerufen. Die setzt sich zusammen aus dem Vorsitzenden der Industriegewerkschaft Bergbau, dem Pr\u00e4sidenten des Bundesverbandes der deutschen Industrie und einem Mitglied des Sachverst\u00e4ndigenrates der Bundesregierung.<\/p>\n\n\n\n<p>Schon bei der Zusammensetzung dachte ich mir: &#8222;Bock &#8211;&gt; G\u00e4rtner&#8220;.<\/p>\n\n\n\n<p>Aber es kommt noch besser. Die Vorschl\u00e4ge sind so phantastisch &#8211; ich h\u00e4tte sie nicht ausdenken k\u00f6nnen. Ja, das ist Ironie pur.<\/p>\n\n\n\n<p>Fangen wir an mit dem Vorschlag einer Einmalzahlung im Dezember. Wie toll Einmalzahlungen sind, haben wir ja bei der Energiepreispauschale gesehen. Gar nicht toll und vor allem ein Mini-Tr\u00f6pfchen auf einem verdammt hei\u00dfen Stein. Aber immerhin, besser als gar nichts. Es sei denn, man muss das Ganze wieder versteuern.<\/p>\n\n\n\n<p>Zus\u00e4tzlich soll es einen Preisdeckel f\u00fcr einen Teil des Gasverbrauches geben, der ab M\u00e4rz in Kraft tritt. Jeder, der jetzt fragt, ob die noch alle Tassen im Schrank haben: Vermutlich nicht.<\/p>\n\n\n\n<p>Also wenn der Winter fast vorbei ist und weniger geheizt werden muss, dann wird ein Teil dieser Kosten gedeckelt. Also nicht dann, wenn es so richtig kalt ist und viel geheizt werden muss. Ich mein, kostet den Bund ja auch alles Geld, nicht wahr?<\/p>\n\n\n\n<p>Wenn man nun denkt, das sei schon bekloppt genug, nein, wir setzen noch einen drauf.<\/p>\n\n\n\n<p>Der Staat soll EINMALIG die Kosten f\u00fcr den Gasverbrauch eines Monats komplett \u00fcbernehmen. Berechnet wird der Betrag aus dem Verbrauch, aus dem sich die Abschlagszahlung von September 2022 ergibt. Genau. Aus einem Monat, in dem man fast gar nicht heizen musste. Mein Kopf hat Sehnsucht nach der Tischplatte.<\/p>\n\n\n\n<p>So, diese Summe muss man dann bei der Einkommensteuer als geldwerten Vorteil angeben &#8211; also versteuern. Hab ich es nicht geahnt?<\/p>\n\n\n\n<p>Dann kommt im Fr\u00fchjahr die zweite Stufe, die Gaspreisbremse. Daf\u00fcr werden 80 Prozent des Gasverbrauches vom September genommen &#8211; ja das Thema hatten wir schon &#8211; und daf\u00fcr m\u00fcssen &#8222;nur&#8220; 12 Cent pro Kilowattstunde bezahlt werden. Vor einem Jahr war der Gaspreis noch bei 6,8 Cent, wir zahlen also &#8222;nur&#8220; das Doppelte. <\/p>\n\n\n\n<p>F\u00fcr alles dar\u00fcber hinaus zahlen wir den dann gerade geltenden Gaspreis. <\/p>\n\n\n\n<p>Setzen wir also mal den Gasverbrauch von September in Relation zu November bis Februar (die k\u00e4ltesten Monate), so wird der Verbrauch im September ca. ein Viertel des Verbrauchs einer dieser Monate sein. Davon 80 Prozent sind &#8222;g\u00fcnstig&#8220;.<\/p>\n\n\n\n<p>Eine Beispielrechnung:<\/p>\n\n\n\n<p>100Kwh im September<\/p>\n\n\n\n<p> je 400Kwh im November, Dezember, Januar, Februar.<\/p>\n\n\n\n<p>250Kwh im M\u00e4rz (da wird es allm\u00e4hlich w\u00e4rmer)<\/p>\n\n\n\n<p>Wir zahlen also von September bis Februar 1600Kwh teures Gas (den September-Verbrauch bekommen wir ja &#8222;geschenkt&#8220;).<\/p>\n\n\n\n<p>Dann ab M\u00e4rz bezahlen wir f\u00fcr je 80Kwh den verbilligten Preis. Bis so Ende April, Anfang Mai, da endet die Heizperiode in der Regel. Sagen wir gro\u00dfz\u00fcgig drei Monate, also 240Kwh fast geschenkt *w\u00fcrg*.<\/p>\n\n\n\n<p>Das Ganze soll dann bis April 2024 gelten, also JUHU!!!!! (Ironie) &#8211; ab Oktober 80Kwh g\u00fcnstig, den Rest teuer.<\/p>\n\n\n\n<p>Ich verzichte jetzt auf die Berichte \u00fcber die restlichen Hilfsfonds f\u00fcr soziale Einrichtungen und Mieter und Eigent\u00fcmer. Ich stelle jetzt ein paar Fragen:<\/p>\n\n\n\n<ul class=\"wp-block-list\">\n<li>Wie wird der Verbrauch vom September berechnet?<\/li>\n\n\n\n<li>Wie wird das auf mehrere Personen aufgeteilt?<\/li>\n\n\n\n<li>Wird zwischen Alt- und Neubauten unterschieden?<\/li>\n\n\n\n<li>Wird zwischen Wohnungen und H\u00e4usern unterschieden?<\/li>\n\n\n\n<li>Wer berechnet das Ganze?<\/li>\n\n\n\n<li>Wer bezahlt die Berechnung und die ganzen anfallenden Kosten?<\/li>\n\n\n\n<li>M\u00fcssen in dieser Zeit trotzdem hohe Abschl\u00e4ge entrichtet werden?<\/li>\n\n\n\n<li>Und warum zum Teufel geht man nicht hin und sagt: &#8222;Der Gaspreis wird staatlich auf 12 Cent festgelegt&#8220;?<\/li>\n<\/ul>\n\n\n\n<p>Noch sind diese Empfehlungen nicht beschlossen. Ich f\u00fcrchte jedoch die Beschl\u00fcsse werden noch furchtbarer.<\/p>\n\n\n\n<p>Habe ich erw\u00e4hnt, dass das alles von Steuergeldern bezahlt wird? Die wir bezahlen? <\/p>\n\n\n\n<p><\/p>\n\n\n\n<p>Quelle: <a href=\"https:\/\/www.aerzteblatt.de\/nachrichten\/137966\/Gaspreiskommission-schlaegt-Hilfsfonds-fuer-Krankenhaeuser-vor?rt=0de8256d69d25f61f99536ad4390b11a\">Deutsches \u00c4rzteblatt<\/a><\/p>\n","protected":false},"excerpt":{"rendered":"<p>Es gibt Tage, an denen m\u00f6chte aus lauter Frust etwas kaputt machen. Oder sich den Frust von der Seele schreiben. Die heutigen Nachrichten aus dem deutschen \u00c4rzteblatt f\u00fchren bei mir zu genau diesem Effekt. Impfkampagne Beginnen wir mit einer ph\u00e4nomenalen Geldverschwendung. Klabauterbach pers\u00f6nlich ist mal wieder auf Impf-Werbe-Tour. Vermutlich bekommt er Geld von Biontech oder &hellip; <\/p>\n<p class=\"link-more\"><a href=\"https:\/\/alarna.de\/index.php\/2022\/10\/10\/die-gaspreisbremse\/\" class=\"more-link\"><span class=\"screen-reader-text\">\u201eDie Gaspreisbremse und teure Briefe\u201c <\/span>weiterlesen<\/a><\/p>\n","protected":false},"author":1,"featured_media":2676,"comment_status":"open","ping_status":"closed","sticky":false,"template":"","format":"standard","meta":{"footnotes":""},"categories":[9],"tags":[22,134,63],"class_list":["post-2674","post","type-post","status-publish","format-standard","has-post-thumbnail","hentry","category-things","tag-corona","tag-gaspreisbremse","tag-impfung"],"yoast_head":"<!-- This site is optimized with the Yoast SEO plugin v27.5 - https:\/\/yoast.com\/product\/yoast-seo-wordpress\/ -->\n<title>Die Gaspreisbremse und teure Briefe - Alarnas Welt<\/title>\n<meta name=\"description\" content=\"Die heutigen Nachrichten aus dem deutschen \u00c4rzteblatt f\u00fchren bei mir zu Frust, den ich mir von der Seele schreiben muss.\" \/>\n<meta name=\"robots\" content=\"index, follow, max-snippet:-1, max-image-preview:large, max-video-preview:-1\" \/>\n<link rel=\"canonical\" href=\"https:\/\/alarna.de\/index.php\/2022\/10\/10\/die-gaspreisbremse\/\" \/>\n<meta property=\"og:locale\" content=\"de_DE\" \/>\n<meta property=\"og:type\" content=\"article\" \/>\n<meta property=\"og:title\" content=\"Die Gaspreisbremse und teure Briefe - Alarnas Welt\" \/>\n<meta property=\"og:description\" content=\"Die heutigen Nachrichten aus dem deutschen \u00c4rzteblatt f\u00fchren bei mir zu Frust, den ich mir von der Seele schreiben muss.\" \/>\n<meta property=\"og:url\" content=\"https:\/\/alarna.de\/index.php\/2022\/10\/10\/die-gaspreisbremse\/\" \/>\n<meta property=\"og:site_name\" content=\"Alarnas Welt\" \/>\n<meta property=\"article:published_time\" content=\"2022-10-10T18:28:31+00:00\" \/>\n<meta property=\"article:modified_time\" content=\"2023-04-17T17:46:30+00:00\" \/>\n<meta property=\"og:image\" content=\"https:\/\/alarna.de\/wp-content\/uploads\/2022\/10\/gaspreisbremse_small.jpg\" \/>\n\t<meta property=\"og:image:width\" content=\"1920\" \/>\n\t<meta property=\"og:image:height\" content=\"1280\" \/>\n\t<meta property=\"og:image:type\" content=\"image\/jpeg\" \/>\n<meta name=\"author\" content=\"alarna\" \/>\n<meta name=\"twitter:card\" content=\"summary_large_image\" \/>\n<meta name=\"twitter:label1\" content=\"Verfasst von\" \/>\n\t<meta name=\"twitter:data1\" content=\"alarna\" \/>\n\t<meta name=\"twitter:label2\" content=\"Gesch\u00e4tzte Lesezeit\" \/>\n\t<meta name=\"twitter:data2\" content=\"4\u00a0Minuten\" \/>\n<script type=\"application\/ld+json\" class=\"yoast-schema-graph\">{\"@context\":\"https:\\\/\\\/schema.org\",\"@graph\":[{\"@type\":\"Article\",\"@id\":\"https:\\\/\\\/alarna.de\\\/index.php\\\/2022\\\/10\\\/10\\\/die-gaspreisbremse\\\/#article\",\"isPartOf\":{\"@id\":\"https:\\\/\\\/alarna.de\\\/index.php\\\/2022\\\/10\\\/10\\\/die-gaspreisbremse\\\/\"},\"author\":{\"name\":\"alarna\",\"@id\":\"https:\\\/\\\/alarna.de\\\/#\\\/schema\\\/person\\\/2180e0411189fcda16f7566f6543c8c3\"},\"headline\":\"Die Gaspreisbremse und teure Briefe\",\"datePublished\":\"2022-10-10T18:28:31+00:00\",\"dateModified\":\"2023-04-17T17:46:30+00:00\",\"mainEntityOfPage\":{\"@id\":\"https:\\\/\\\/alarna.de\\\/index.php\\\/2022\\\/10\\\/10\\\/die-gaspreisbremse\\\/\"},\"wordCount\":755,\"commentCount\":0,\"image\":{\"@id\":\"https:\\\/\\\/alarna.de\\\/index.php\\\/2022\\\/10\\\/10\\\/die-gaspreisbremse\\\/#primaryimage\"},\"thumbnailUrl\":\"https:\\\/\\\/alarna.de\\\/wp-content\\\/uploads\\\/2022\\\/10\\\/gaspreisbremse_small.jpg\",\"keywords\":[\"corona\",\"Gaspreisbremse\",\"Impfung\"],\"articleSection\":[\"Zweibeiner\"],\"inLanguage\":\"de\",\"potentialAction\":[{\"@type\":\"CommentAction\",\"name\":\"Comment\",\"target\":[\"https:\\\/\\\/alarna.de\\\/index.php\\\/2022\\\/10\\\/10\\\/die-gaspreisbremse\\\/#respond\"]}]},{\"@type\":\"WebPage\",\"@id\":\"https:\\\/\\\/alarna.de\\\/index.php\\\/2022\\\/10\\\/10\\\/die-gaspreisbremse\\\/\",\"url\":\"https:\\\/\\\/alarna.de\\\/index.php\\\/2022\\\/10\\\/10\\\/die-gaspreisbremse\\\/\",\"name\":\"Die Gaspreisbremse und teure Briefe - Alarnas Welt\",\"isPartOf\":{\"@id\":\"https:\\\/\\\/alarna.de\\\/#website\"},\"primaryImageOfPage\":{\"@id\":\"https:\\\/\\\/alarna.de\\\/index.php\\\/2022\\\/10\\\/10\\\/die-gaspreisbremse\\\/#primaryimage\"},\"image\":{\"@id\":\"https:\\\/\\\/alarna.de\\\/index.php\\\/2022\\\/10\\\/10\\\/die-gaspreisbremse\\\/#primaryimage\"},\"thumbnailUrl\":\"https:\\\/\\\/alarna.de\\\/wp-content\\\/uploads\\\/2022\\\/10\\\/gaspreisbremse_small.jpg\",\"datePublished\":\"2022-10-10T18:28:31+00:00\",\"dateModified\":\"2023-04-17T17:46:30+00:00\",\"author\":{\"@id\":\"https:\\\/\\\/alarna.de\\\/#\\\/schema\\\/person\\\/2180e0411189fcda16f7566f6543c8c3\"},\"description\":\"Die heutigen Nachrichten aus dem deutschen \u00c4rzteblatt f\u00fchren bei mir zu Frust, den ich mir von der Seele schreiben muss.\",\"breadcrumb\":{\"@id\":\"https:\\\/\\\/alarna.de\\\/index.php\\\/2022\\\/10\\\/10\\\/die-gaspreisbremse\\\/#breadcrumb\"},\"inLanguage\":\"de\",\"potentialAction\":[{\"@type\":\"ReadAction\",\"target\":[\"https:\\\/\\\/alarna.de\\\/index.php\\\/2022\\\/10\\\/10\\\/die-gaspreisbremse\\\/\"]}]},{\"@type\":\"ImageObject\",\"inLanguage\":\"de\",\"@id\":\"https:\\\/\\\/alarna.de\\\/index.php\\\/2022\\\/10\\\/10\\\/die-gaspreisbremse\\\/#primaryimage\",\"url\":\"https:\\\/\\\/alarna.de\\\/wp-content\\\/uploads\\\/2022\\\/10\\\/gaspreisbremse_small.jpg\",\"contentUrl\":\"https:\\\/\\\/alarna.de\\\/wp-content\\\/uploads\\\/2022\\\/10\\\/gaspreisbremse_small.jpg\",\"width\":1920,\"height\":1280},{\"@type\":\"BreadcrumbList\",\"@id\":\"https:\\\/\\\/alarna.de\\\/index.php\\\/2022\\\/10\\\/10\\\/die-gaspreisbremse\\\/#breadcrumb\",\"itemListElement\":[{\"@type\":\"ListItem\",\"position\":1,\"name\":\"Startseite\",\"item\":\"https:\\\/\\\/alarna.de\\\/\"},{\"@type\":\"ListItem\",\"position\":2,\"name\":\"Die Gaspreisbremse und teure Briefe\"}]},{\"@type\":\"WebSite\",\"@id\":\"https:\\\/\\\/alarna.de\\\/#website\",\"url\":\"https:\\\/\\\/alarna.de\\\/\",\"name\":\"Alarnas Welt\",\"description\":\"Tierisch viel los\",\"potentialAction\":[{\"@type\":\"SearchAction\",\"target\":{\"@type\":\"EntryPoint\",\"urlTemplate\":\"https:\\\/\\\/alarna.de\\\/?s={search_term_string}\"},\"query-input\":{\"@type\":\"PropertyValueSpecification\",\"valueRequired\":true,\"valueName\":\"search_term_string\"}}],\"inLanguage\":\"de\"},{\"@type\":\"Person\",\"@id\":\"https:\\\/\\\/alarna.de\\\/#\\\/schema\\\/person\\\/2180e0411189fcda16f7566f6543c8c3\",\"name\":\"alarna\",\"image\":{\"@type\":\"ImageObject\",\"inLanguage\":\"de\",\"@id\":\"https:\\\/\\\/secure.gravatar.com\\\/avatar\\\/9691087f32321ef1477af5cb5fdbbdf7bd0689736d54cde066e94e6bb5fba756?s=96&r=g\",\"url\":\"https:\\\/\\\/secure.gravatar.com\\\/avatar\\\/9691087f32321ef1477af5cb5fdbbdf7bd0689736d54cde066e94e6bb5fba756?s=96&r=g\",\"contentUrl\":\"https:\\\/\\\/secure.gravatar.com\\\/avatar\\\/9691087f32321ef1477af5cb5fdbbdf7bd0689736d54cde066e94e6bb5fba756?s=96&r=g\",\"caption\":\"alarna\"},\"sameAs\":[\"https:\\\/\\\/alarna.de\"],\"url\":\"https:\\\/\\\/alarna.de\\\/index.php\\\/author\\\/alarna\\\/\"}]}<\/script>\n<!-- \/ Yoast SEO plugin. -->","yoast_head_json":{"title":"Die Gaspreisbremse und teure Briefe - Alarnas Welt","description":"Die heutigen Nachrichten aus dem deutschen \u00c4rzteblatt f\u00fchren bei mir zu Frust, den ich mir von der Seele schreiben muss.","robots":{"index":"index","follow":"follow","max-snippet":"max-snippet:-1","max-image-preview":"max-image-preview:large","max-video-preview":"max-video-preview:-1"},"canonical":"https:\/\/alarna.de\/index.php\/2022\/10\/10\/die-gaspreisbremse\/","og_locale":"de_DE","og_type":"article","og_title":"Die Gaspreisbremse und teure Briefe - Alarnas Welt","og_description":"Die heutigen Nachrichten aus dem deutschen \u00c4rzteblatt f\u00fchren bei mir zu Frust, den ich mir von der Seele schreiben muss.","og_url":"https:\/\/alarna.de\/index.php\/2022\/10\/10\/die-gaspreisbremse\/","og_site_name":"Alarnas Welt","article_published_time":"2022-10-10T18:28:31+00:00","article_modified_time":"2023-04-17T17:46:30+00:00","og_image":[{"width":1920,"height":1280,"url":"https:\/\/alarna.de\/wp-content\/uploads\/2022\/10\/gaspreisbremse_small.jpg","type":"image\/jpeg"}],"author":"alarna","twitter_card":"summary_large_image","twitter_misc":{"Verfasst von":"alarna","Gesch\u00e4tzte Lesezeit":"4\u00a0Minuten"},"schema":{"@context":"https:\/\/schema.org","@graph":[{"@type":"Article","@id":"https:\/\/alarna.de\/index.php\/2022\/10\/10\/die-gaspreisbremse\/#article","isPartOf":{"@id":"https:\/\/alarna.de\/index.php\/2022\/10\/10\/die-gaspreisbremse\/"},"author":{"name":"alarna","@id":"https:\/\/alarna.de\/#\/schema\/person\/2180e0411189fcda16f7566f6543c8c3"},"headline":"Die Gaspreisbremse und teure Briefe","datePublished":"2022-10-10T18:28:31+00:00","dateModified":"2023-04-17T17:46:30+00:00","mainEntityOfPage":{"@id":"https:\/\/alarna.de\/index.php\/2022\/10\/10\/die-gaspreisbremse\/"},"wordCount":755,"commentCount":0,"image":{"@id":"https:\/\/alarna.de\/index.php\/2022\/10\/10\/die-gaspreisbremse\/#primaryimage"},"thumbnailUrl":"https:\/\/alarna.de\/wp-content\/uploads\/2022\/10\/gaspreisbremse_small.jpg","keywords":["corona","Gaspreisbremse","Impfung"],"articleSection":["Zweibeiner"],"inLanguage":"de","potentialAction":[{"@type":"CommentAction","name":"Comment","target":["https:\/\/alarna.de\/index.php\/2022\/10\/10\/die-gaspreisbremse\/#respond"]}]},{"@type":"WebPage","@id":"https:\/\/alarna.de\/index.php\/2022\/10\/10\/die-gaspreisbremse\/","url":"https:\/\/alarna.de\/index.php\/2022\/10\/10\/die-gaspreisbremse\/","name":"Die Gaspreisbremse und teure Briefe - Alarnas Welt","isPartOf":{"@id":"https:\/\/alarna.de\/#website"},"primaryImageOfPage":{"@id":"https:\/\/alarna.de\/index.php\/2022\/10\/10\/die-gaspreisbremse\/#primaryimage"},"image":{"@id":"https:\/\/alarna.de\/index.php\/2022\/10\/10\/die-gaspreisbremse\/#primaryimage"},"thumbnailUrl":"https:\/\/alarna.de\/wp-content\/uploads\/2022\/10\/gaspreisbremse_small.jpg","datePublished":"2022-10-10T18:28:31+00:00","dateModified":"2023-04-17T17:46:30+00:00","author":{"@id":"https:\/\/alarna.de\/#\/schema\/person\/2180e0411189fcda16f7566f6543c8c3"},"description":"Die heutigen Nachrichten aus dem deutschen \u00c4rzteblatt f\u00fchren bei mir zu Frust, den ich mir von der Seele schreiben muss.","breadcrumb":{"@id":"https:\/\/alarna.de\/index.php\/2022\/10\/10\/die-gaspreisbremse\/#breadcrumb"},"inLanguage":"de","potentialAction":[{"@type":"ReadAction","target":["https:\/\/alarna.de\/index.php\/2022\/10\/10\/die-gaspreisbremse\/"]}]},{"@type":"ImageObject","inLanguage":"de","@id":"https:\/\/alarna.de\/index.php\/2022\/10\/10\/die-gaspreisbremse\/#primaryimage","url":"https:\/\/alarna.de\/wp-content\/uploads\/2022\/10\/gaspreisbremse_small.jpg","contentUrl":"https:\/\/alarna.de\/wp-content\/uploads\/2022\/10\/gaspreisbremse_small.jpg","width":1920,"height":1280},{"@type":"BreadcrumbList","@id":"https:\/\/alarna.de\/index.php\/2022\/10\/10\/die-gaspreisbremse\/#breadcrumb","itemListElement":[{"@type":"ListItem","position":1,"name":"Startseite","item":"https:\/\/alarna.de\/"},{"@type":"ListItem","position":2,"name":"Die Gaspreisbremse und teure Briefe"}]},{"@type":"WebSite","@id":"https:\/\/alarna.de\/#website","url":"https:\/\/alarna.de\/","name":"Alarnas Welt","description":"Tierisch viel los","potentialAction":[{"@type":"SearchAction","target":{"@type":"EntryPoint","urlTemplate":"https:\/\/alarna.de\/?s={search_term_string}"},"query-input":{"@type":"PropertyValueSpecification","valueRequired":true,"valueName":"search_term_string"}}],"inLanguage":"de"},{"@type":"Person","@id":"https:\/\/alarna.de\/#\/schema\/person\/2180e0411189fcda16f7566f6543c8c3","name":"alarna","image":{"@type":"ImageObject","inLanguage":"de","@id":"https:\/\/secure.gravatar.com\/avatar\/9691087f32321ef1477af5cb5fdbbdf7bd0689736d54cde066e94e6bb5fba756?s=96&r=g","url":"https:\/\/secure.gravatar.com\/avatar\/9691087f32321ef1477af5cb5fdbbdf7bd0689736d54cde066e94e6bb5fba756?s=96&r=g","contentUrl":"https:\/\/secure.gravatar.com\/avatar\/9691087f32321ef1477af5cb5fdbbdf7bd0689736d54cde066e94e6bb5fba756?s=96&r=g","caption":"alarna"},"sameAs":["https:\/\/alarna.de"],"url":"https:\/\/alarna.de\/index.php\/author\/alarna\/"}]}},"_links":{"self":[{"href":"https:\/\/alarna.de\/index.php\/wp-json\/wp\/v2\/posts\/2674","targetHints":{"allow":["GET"]}}],"collection":[{"href":"https:\/\/alarna.de\/index.php\/wp-json\/wp\/v2\/posts"}],"about":[{"href":"https:\/\/alarna.de\/index.php\/wp-json\/wp\/v2\/types\/post"}],"author":[{"embeddable":true,"href":"https:\/\/alarna.de\/index.php\/wp-json\/wp\/v2\/users\/1"}],"replies":[{"embeddable":true,"href":"https:\/\/alarna.de\/index.php\/wp-json\/wp\/v2\/comments?post=2674"}],"version-history":[{"count":2,"href":"https:\/\/alarna.de\/index.php\/wp-json\/wp\/v2\/posts\/2674\/revisions"}],"predecessor-version":[{"id":3397,"href":"https:\/\/alarna.de\/index.php\/wp-json\/wp\/v2\/posts\/2674\/revisions\/3397"}],"wp:featuredmedia":[{"embeddable":true,"href":"https:\/\/alarna.de\/index.php\/wp-json\/wp\/v2\/media\/2676"}],"wp:attachment":[{"href":"https:\/\/alarna.de\/index.php\/wp-json\/wp\/v2\/media?parent=2674"}],"wp:term":[{"taxonomy":"category","embeddable":true,"href":"https:\/\/alarna.de\/index.php\/wp-json\/wp\/v2\/categories?post=2674"},{"taxonomy":"post_tag","embeddable":true,"href":"https:\/\/alarna.de\/index.php\/wp-json\/wp\/v2\/tags?post=2674"}],"curies":[{"name":"wp","href":"https:\/\/api.w.org\/{rel}","templated":true}]}}